{"id":5622,"date":"2026-04-29T11:21:12","date_gmt":"2026-04-29T11:21:12","guid":{"rendered":"https:\/\/feuerwehr-nahe.de\/ffnahe\/?p=5622"},"modified":"2026-04-29T11:21:13","modified_gmt":"2026-04-29T11:21:13","slug":"einsatz-nr-1828-04-2026-einsatzstichwort-feuer-klein","status":"publish","type":"post","link":"https:\/\/feuerwehr-nahe.de\/ffnahe\/einsatz-nr-1828-04-2026-einsatzstichwort-feuer-klein\/","title":{"rendered":"Einsatz-Nr: 18<br>28.04.2026 Einsatzstichwort: Feuer klein"},"content":{"rendered":"<p>Einsatzzeit von 16:12 bis 16:40 Uhr<br \/>Einsatzkr\u00e4fte: FF Nahe, FF Itzstedt<br \/>Einsatzort: Nahe, L\u00fcttmoor<br \/>Lage: Brand einer Hecke<br \/>Aus unbekannter Ursache brannte eine Hecke. Durch die Anwohner wurde die Feuerwehr alarmiert und die Hecke mit eigenen Mitteln gel\u00f6scht. Beim Eintreffen der Feuerwehr musste nur noch restliche Glutnester abgel\u00f6scht und die angrenzenden Geb\u00e4ude auf m\u00f6gliche Brandnester \u00fcberpr\u00fcft werden. Es brannten ca. 10 Meter Hecke in voller Ausdehnung.<\/p>\n\n\n<figure class=\"wp-block-image size-large\"><a href=\"https:\/\/feuerwehr-nahe.de\/ffnahe\/wp-content\/uploads\/2026\/04\/image-4.png\"><img loading=\"lazy\" decoding=\"async\" width=\"1024\" height=\"768\" src=\"https:\/\/feuerwehr-nahe.de\/ffnahe\/wp-content\/uploads\/2026\/04\/image-4-1024x768.png\" alt=\"\" class=\"wp-image-5623\" srcset=\"https:\/\/feuerwehr-nahe.de\/ffnahe\/wp-content\/uploads\/2026\/04\/image-4-1024x768.png 1024w, https:\/\/feuerwehr-nahe.de\/ffnahe\/wp-content\/uploads\/2026\/04\/image-4-300x225.png 300w, https:\/\/feuerwehr-nahe.de\/ffnahe\/wp-content\/uploads\/2026\/04\/image-4-768x576.png 768w, https:\/\/feuerwehr-nahe.de\/ffnahe\/wp-content\/uploads\/2026\/04\/image-4-1536x1152.png 1536w, https:\/\/feuerwehr-nahe.de\/ffnahe\/wp-content\/uploads\/2026\/04\/image-4.png 1600w\" sizes=\"auto, (max-width: 1024px) 100vw, 1024px\" \/><\/a><\/figure>\n\n\n\n<figure class=\"wp-block-image size-large\"><a href=\"https:\/\/feuerwehr-nahe.de\/ffnahe\/wp-content\/uploads\/2026\/04\/image-6.png\"><img loading=\"lazy\" decoding=\"async\" width=\"1024\" height=\"768\" src=\"https:\/\/feuerwehr-nahe.de\/ffnahe\/wp-content\/uploads\/2026\/04\/image-6-1024x768.png\" alt=\"\" class=\"wp-image-5625\" srcset=\"https:\/\/feuerwehr-nahe.de\/ffnahe\/wp-content\/uploads\/2026\/04\/image-6-1024x768.png 1024w, https:\/\/feuerwehr-nahe.de\/ffnahe\/wp-content\/uploads\/2026\/04\/image-6-300x225.png 300w, https:\/\/feuerwehr-nahe.de\/ffnahe\/wp-content\/uploads\/2026\/04\/image-6-768x576.png 768w, https:\/\/feuerwehr-nahe.de\/ffnahe\/wp-content\/uploads\/2026\/04\/image-6-1536x1152.png 1536w, https:\/\/feuerwehr-nahe.de\/ffnahe\/wp-content\/uploads\/2026\/04\/image-6.png 1600w\" sizes=\"auto, (max-width: 1024px) 100vw, 1024px\" \/><\/a><\/figure>\n","protected":false},"excerpt":{"rendered":"<p>Einsatzzeit von 16:12 bis 16:40 UhrEinsatzkr\u00e4fte: FF Nahe, FF ItzstedtEinsatzort: Nahe, L\u00fcttmoorLage: Brand einer HeckeAus unbekannter Ursache brannte eine Hecke. Durch die Anwohner wurde die Feuerwehr alarmiert und die Hecke mit eigenen Mitteln gel\u00f6scht. Beim Eintreffen der Feuerwehr musste nur noch restliche Glutnester abgel\u00f6scht und die angrenzenden Geb\u00e4ude auf m\u00f6gliche Brandnester \u00fcberpr\u00fcft werden. Es brannten [&hellip;]<\/p>\n","protected":false},"author":6,"featured_media":0,"comment_status":"closed","ping_status":"closed","sticky":false,"template":"","format":"standard","meta":{"footnotes":""},"categories":[37],"tags":[],"class_list":["post-5622","post","type-post","status-publish","format-standard","hentry","category-37"],"_links":{"self":[{"href":"https:\/\/feuerwehr-nahe.de\/ffnahe\/wp-json\/wp\/v2\/posts\/5622","targetHints":{"allow":["GET"]}}],"collection":[{"href":"https:\/\/feuerwehr-nahe.de\/ffnahe\/wp-json\/wp\/v2\/posts"}],"about":[{"href":"https:\/\/feuerwehr-nahe.de\/ffnahe\/wp-json\/wp\/v2\/types\/post"}],"author":[{"embeddable":true,"href":"https:\/\/feuerwehr-nahe.de\/ffnahe\/wp-json\/wp\/v2\/users\/6"}],"replies":[{"embeddable":true,"href":"https:\/\/feuerwehr-nahe.de\/ffnahe\/wp-json\/wp\/v2\/comments?post=5622"}],"version-history":[{"count":1,"href":"https:\/\/feuerwehr-nahe.de\/ffnahe\/wp-json\/wp\/v2\/posts\/5622\/revisions"}],"predecessor-version":[{"id":5626,"href":"https:\/\/feuerwehr-nahe.de\/ffnahe\/wp-json\/wp\/v2\/posts\/5622\/revisions\/5626"}],"wp:attachment":[{"href":"https:\/\/feuerwehr-nahe.de\/ffnahe\/wp-json\/wp\/v2\/media?parent=5622"}],"wp:term":[{"taxonomy":"category","embeddable":true,"href":"https:\/\/feuerwehr-nahe.de\/ffnahe\/wp-json\/wp\/v2\/categories?post=5622"},{"taxonomy":"post_tag","embeddable":true,"href":"https:\/\/feuerwehr-nahe.de\/ffnahe\/wp-json\/wp\/v2\/tags?post=5622"}],"curies":[{"name":"wp","href":"https:\/\/api.w.org\/{rel}","templated":true}]}}