{"id":5558,"date":"2026-02-05T20:05:37","date_gmt":"2026-02-05T20:05:37","guid":{"rendered":"https:\/\/feuerwehr-nahe.de\/ffnahe\/?p=5558"},"modified":"2026-02-05T20:05:37","modified_gmt":"2026-02-05T20:05:37","slug":"einsatz-nr-705-02-2026-einsatzstichwort-technische-hilfe-gross-personen-in-gefahr","status":"publish","type":"post","link":"https:\/\/feuerwehr-nahe.de\/ffnahe\/einsatz-nr-705-02-2026-einsatzstichwort-technische-hilfe-gross-personen-in-gefahr\/","title":{"rendered":"Einsatz-Nr: 7<br>05.02.2026 Einsatzstichwort: Technische Hilfe Gro\u00df, Personen in Gefahr"},"content":{"rendered":"<p>Einsatzzeit von 18:23 bis 19:00 Uhr<br \/>Einsatzkr\u00e4fte: FF Nahe, FF Wakendorf II, Rettungsdienst, Polizei<br \/>Einsatzort: Wakendorf II, Naher Stra\u00dfe<br \/>Lage: Verkehrsunfall zwischen zwei PKW<br \/>Aus noch unbekannter Ursache kollidierten zwei PKW auf der Naher Stra\u00dfe zwischen Nahe und Wakendorf II. Durch den Aufprall wurde ein PKW in den Stra\u00dfengraben geschleudert und der zweite PKW kam auf der Gegenfahrbahn zum Stehen. Aufgrund des Verkehrsunfalles musste die Stra\u00dfe zwischen Nahe und Wakendorf II zeitweise voll gesperrt werden. Nach ersten Erkenntnissen wurden die Insassen der PKW nicht schwer verletzt.<\/p>\n\n\n<figure class=\"wp-block-image size-large is-resized\"><a href=\"https:\/\/feuerwehr-nahe.de\/ffnahe\/wp-content\/uploads\/2026\/02\/THY.png\"><img loading=\"lazy\" decoding=\"async\" width=\"1024\" height=\"768\" src=\"https:\/\/feuerwehr-nahe.de\/ffnahe\/wp-content\/uploads\/2026\/02\/THY-1024x768.png\" alt=\"\" class=\"wp-image-5559\" style=\"width:765px;height:auto\" srcset=\"https:\/\/feuerwehr-nahe.de\/ffnahe\/wp-content\/uploads\/2026\/02\/THY-1024x768.png 1024w, https:\/\/feuerwehr-nahe.de\/ffnahe\/wp-content\/uploads\/2026\/02\/THY-300x225.png 300w, https:\/\/feuerwehr-nahe.de\/ffnahe\/wp-content\/uploads\/2026\/02\/THY-768x576.png 768w, https:\/\/feuerwehr-nahe.de\/ffnahe\/wp-content\/uploads\/2026\/02\/THY-1536x1152.png 1536w, https:\/\/feuerwehr-nahe.de\/ffnahe\/wp-content\/uploads\/2026\/02\/THY.png 2000w\" sizes=\"auto, (max-width: 1024px) 100vw, 1024px\" \/><\/a><\/figure>\n\n\n\n<figure class=\"wp-block-image size-large is-resized\"><a href=\"https:\/\/feuerwehr-nahe.de\/ffnahe\/wp-content\/uploads\/2026\/02\/THY-1.png\"><img loading=\"lazy\" decoding=\"async\" width=\"1024\" height=\"768\" src=\"https:\/\/feuerwehr-nahe.de\/ffnahe\/wp-content\/uploads\/2026\/02\/THY-1-1024x768.png\" alt=\"\" class=\"wp-image-5560\" style=\"width:766px;height:auto\" srcset=\"https:\/\/feuerwehr-nahe.de\/ffnahe\/wp-content\/uploads\/2026\/02\/THY-1-1024x768.png 1024w, https:\/\/feuerwehr-nahe.de\/ffnahe\/wp-content\/uploads\/2026\/02\/THY-1-300x225.png 300w, https:\/\/feuerwehr-nahe.de\/ffnahe\/wp-content\/uploads\/2026\/02\/THY-1-768x576.png 768w, https:\/\/feuerwehr-nahe.de\/ffnahe\/wp-content\/uploads\/2026\/02\/THY-1-1536x1152.png 1536w, https:\/\/feuerwehr-nahe.de\/ffnahe\/wp-content\/uploads\/2026\/02\/THY-1.png 2000w\" sizes=\"auto, (max-width: 1024px) 100vw, 1024px\" \/><\/a><\/figure>\n\n\n\n<figure class=\"wp-block-image size-large\"><a href=\"https:\/\/feuerwehr-nahe.de\/ffnahe\/wp-content\/uploads\/2026\/02\/THY-2.png\"><img loading=\"lazy\" decoding=\"async\" width=\"768\" height=\"1024\" src=\"https:\/\/feuerwehr-nahe.de\/ffnahe\/wp-content\/uploads\/2026\/02\/THY-2-768x1024.png\" alt=\"\" class=\"wp-image-5561\" srcset=\"https:\/\/feuerwehr-nahe.de\/ffnahe\/wp-content\/uploads\/2026\/02\/THY-2-768x1024.png 768w, https:\/\/feuerwehr-nahe.de\/ffnahe\/wp-content\/uploads\/2026\/02\/THY-2-225x300.png 225w, https:\/\/feuerwehr-nahe.de\/ffnahe\/wp-content\/uploads\/2026\/02\/THY-2-1152x1536.png 1152w, https:\/\/feuerwehr-nahe.de\/ffnahe\/wp-content\/uploads\/2026\/02\/THY-2.png 1500w\" sizes=\"auto, (max-width: 768px) 100vw, 768px\" \/><\/a><\/figure>\n","protected":false},"excerpt":{"rendered":"<p>Einsatzzeit von 18:23 bis 19:00 UhrEinsatzkr\u00e4fte: FF Nahe, FF Wakendorf II, Rettungsdienst, PolizeiEinsatzort: Wakendorf II, Naher Stra\u00dfeLage: Verkehrsunfall zwischen zwei PKWAus noch unbekannter Ursache kollidierten zwei PKW auf der Naher Stra\u00dfe zwischen Nahe und Wakendorf II. Durch den Aufprall wurde ein PKW in den Stra\u00dfengraben geschleudert und der zweite PKW kam auf der Gegenfahrbahn zum [&hellip;]<\/p>\n","protected":false},"author":6,"featured_media":0,"comment_status":"closed","ping_status":"closed","sticky":false,"template":"","format":"standard","meta":{"footnotes":""},"categories":[37],"tags":[],"class_list":["post-5558","post","type-post","status-publish","format-standard","hentry","category-37"],"_links":{"self":[{"href":"https:\/\/feuerwehr-nahe.de\/ffnahe\/wp-json\/wp\/v2\/posts\/5558","targetHints":{"allow":["GET"]}}],"collection":[{"href":"https:\/\/feuerwehr-nahe.de\/ffnahe\/wp-json\/wp\/v2\/posts"}],"about":[{"href":"https:\/\/feuerwehr-nahe.de\/ffnahe\/wp-json\/wp\/v2\/types\/post"}],"author":[{"embeddable":true,"href":"https:\/\/feuerwehr-nahe.de\/ffnahe\/wp-json\/wp\/v2\/users\/6"}],"replies":[{"embeddable":true,"href":"https:\/\/feuerwehr-nahe.de\/ffnahe\/wp-json\/wp\/v2\/comments?post=5558"}],"version-history":[{"count":1,"href":"https:\/\/feuerwehr-nahe.de\/ffnahe\/wp-json\/wp\/v2\/posts\/5558\/revisions"}],"predecessor-version":[{"id":5562,"href":"https:\/\/feuerwehr-nahe.de\/ffnahe\/wp-json\/wp\/v2\/posts\/5558\/revisions\/5562"}],"wp:attachment":[{"href":"https:\/\/feuerwehr-nahe.de\/ffnahe\/wp-json\/wp\/v2\/media?parent=5558"}],"wp:term":[{"taxonomy":"category","embeddable":true,"href":"https:\/\/feuerwehr-nahe.de\/ffnahe\/wp-json\/wp\/v2\/categories?post=5558"},{"taxonomy":"post_tag","embeddable":true,"href":"https:\/\/feuerwehr-nahe.de\/ffnahe\/wp-json\/wp\/v2\/tags?post=5558"}],"curies":[{"name":"wp","href":"https:\/\/api.w.org\/{rel}","templated":true}]}}