{"id":5443,"date":"2025-11-09T20:08:24","date_gmt":"2025-11-09T20:08:24","guid":{"rendered":"https:\/\/feuerwehr-nahe.de\/ffnahe\/?p=5443"},"modified":"2025-11-09T20:08:24","modified_gmt":"2025-11-09T20:08:24","slug":"einsatz-nr-5908-11-2025-einsatzstichwort-notfall-tuer-verschlossen","status":"publish","type":"post","link":"https:\/\/feuerwehr-nahe.de\/ffnahe\/einsatz-nr-5908-11-2025-einsatzstichwort-notfall-tuer-verschlossen\/","title":{"rendered":"Einsatz-Nr: 59<br>08.11.2025 Einsatzstichwort: Notfall T\u00fcr verschlossen."},"content":{"rendered":"<p>Einsatzzeit von 01:11 bis 01:39 Uhr<br \/>\nEinsatzkr\u00e4fte: FF Nahe, Rettungsdienst<br \/>\nEinsatzort: Nahe, Fahrenhorst<br \/>\nLage: Person in Wohnung eingeschlossen, Notfall vermutet.<br \/>\nAm Einsatzort konnte die Person die T\u00fcr selbst\u00e4ndig \u00f6ffnen. Ein Notfall lag nicht vor.<\/p>\n","protected":false},"excerpt":{"rendered":"<p>Einsatzzeit von 01:11 bis 01:39 Uhr Einsatzkr\u00e4fte: FF Nahe, Rettungsdienst Einsatzort: Nahe, Fahrenhorst Lage: Person in Wohnung eingeschlossen, Notfall vermutet. Am Einsatzort konnte die Person die T\u00fcr selbst\u00e4ndig \u00f6ffnen. Ein Notfall lag nicht vor.<\/p>\n","protected":false},"author":6,"featured_media":0,"comment_status":"closed","ping_status":"closed","sticky":false,"template":"","format":"standard","meta":{"footnotes":""},"categories":[37],"tags":[],"class_list":["post-5443","post","type-post","status-publish","format-standard","hentry","category-37"],"_links":{"self":[{"href":"https:\/\/feuerwehr-nahe.de\/ffnahe\/wp-json\/wp\/v2\/posts\/5443","targetHints":{"allow":["GET"]}}],"collection":[{"href":"https:\/\/feuerwehr-nahe.de\/ffnahe\/wp-json\/wp\/v2\/posts"}],"about":[{"href":"https:\/\/feuerwehr-nahe.de\/ffnahe\/wp-json\/wp\/v2\/types\/post"}],"author":[{"embeddable":true,"href":"https:\/\/feuerwehr-nahe.de\/ffnahe\/wp-json\/wp\/v2\/users\/6"}],"replies":[{"embeddable":true,"href":"https:\/\/feuerwehr-nahe.de\/ffnahe\/wp-json\/wp\/v2\/comments?post=5443"}],"version-history":[{"count":1,"href":"https:\/\/feuerwehr-nahe.de\/ffnahe\/wp-json\/wp\/v2\/posts\/5443\/revisions"}],"predecessor-version":[{"id":5444,"href":"https:\/\/feuerwehr-nahe.de\/ffnahe\/wp-json\/wp\/v2\/posts\/5443\/revisions\/5444"}],"wp:attachment":[{"href":"https:\/\/feuerwehr-nahe.de\/ffnahe\/wp-json\/wp\/v2\/media?parent=5443"}],"wp:term":[{"taxonomy":"category","embeddable":true,"href":"https:\/\/feuerwehr-nahe.de\/ffnahe\/wp-json\/wp\/v2\/categories?post=5443"},{"taxonomy":"post_tag","embeddable":true,"href":"https:\/\/feuerwehr-nahe.de\/ffnahe\/wp-json\/wp\/v2\/tags?post=5443"}],"curies":[{"name":"wp","href":"https:\/\/api.w.org\/{rel}","templated":true}]}}