{"id":5415,"date":"2025-09-15T20:21:15","date_gmt":"2025-09-15T20:21:15","guid":{"rendered":"https:\/\/feuerwehr-nahe.de\/ffnahe\/?p=5415"},"modified":"2025-09-15T20:21:16","modified_gmt":"2025-09-15T20:21:16","slug":"einsatz-nr-5315-09-2025-einsatzstichwort-technische-hilfe-klein","status":"publish","type":"post","link":"https:\/\/feuerwehr-nahe.de\/ffnahe\/einsatz-nr-5315-09-2025-einsatzstichwort-technische-hilfe-klein\/","title":{"rendered":"Einsatz-Nr: 53<br>15.09.2025 Einsatzstichwort: Technische Hilfe klein"},"content":{"rendered":"<p>Einsatzzeit von 16:48 bis 16:58 Uhr<br \/>Einsatzkr\u00e4fte: DLK-Gruppe Nahe\/Itzstedt<br \/>Einsatzort: Oering, Kl\u00e4rteiche<br \/>Lage: Baum auf Stra\u00dfe<br \/>Am Einsatzort wurde die Besatzung der DLK vom Einsatzleiter eingewiesen. Ein gr\u00f6\u00dferer Ast war abgebrochen und hing noch mit einem Teil am Baum fest. Mit einer gemischten Besatzung aus Itzstedt und Oering wurde der Ast beseitigt.<\/p>\n\n\n<figure class=\"wp-block-image size-large\"><a href=\"https:\/\/feuerwehr-nahe.de\/ffnahe\/wp-content\/uploads\/2025\/09\/IMG-20250915-WA0004.jpg\"><img loading=\"lazy\" decoding=\"async\" width=\"892\" height=\"1024\" src=\"https:\/\/feuerwehr-nahe.de\/ffnahe\/wp-content\/uploads\/2025\/09\/IMG-20250915-WA0004-892x1024.jpg\" alt=\"\" class=\"wp-image-5416\" srcset=\"https:\/\/feuerwehr-nahe.de\/ffnahe\/wp-content\/uploads\/2025\/09\/IMG-20250915-WA0004-892x1024.jpg 892w, https:\/\/feuerwehr-nahe.de\/ffnahe\/wp-content\/uploads\/2025\/09\/IMG-20250915-WA0004-261x300.jpg 261w, https:\/\/feuerwehr-nahe.de\/ffnahe\/wp-content\/uploads\/2025\/09\/IMG-20250915-WA0004-768x882.jpg 768w, https:\/\/feuerwehr-nahe.de\/ffnahe\/wp-content\/uploads\/2025\/09\/IMG-20250915-WA0004-1338x1536.jpg 1338w, https:\/\/feuerwehr-nahe.de\/ffnahe\/wp-content\/uploads\/2025\/09\/IMG-20250915-WA0004.jpg 1438w\" sizes=\"auto, (max-width: 892px) 100vw, 892px\" \/><\/a><\/figure>\n\n\n\n<figure class=\"wp-block-image size-large\"><a href=\"https:\/\/feuerwehr-nahe.de\/ffnahe\/wp-content\/uploads\/2025\/09\/20250915_170848-scaled.jpg\"><img loading=\"lazy\" decoding=\"async\" width=\"768\" height=\"1024\" src=\"https:\/\/feuerwehr-nahe.de\/ffnahe\/wp-content\/uploads\/2025\/09\/20250915_170848-768x1024.jpg\" alt=\"\" class=\"wp-image-5417\" srcset=\"https:\/\/feuerwehr-nahe.de\/ffnahe\/wp-content\/uploads\/2025\/09\/20250915_170848-768x1024.jpg 768w, https:\/\/feuerwehr-nahe.de\/ffnahe\/wp-content\/uploads\/2025\/09\/20250915_170848-225x300.jpg 225w, https:\/\/feuerwehr-nahe.de\/ffnahe\/wp-content\/uploads\/2025\/09\/20250915_170848-1152x1536.jpg 1152w, https:\/\/feuerwehr-nahe.de\/ffnahe\/wp-content\/uploads\/2025\/09\/20250915_170848-1536x2048.jpg 1536w, https:\/\/feuerwehr-nahe.de\/ffnahe\/wp-content\/uploads\/2025\/09\/20250915_170848-scaled.jpg 1920w\" sizes=\"auto, (max-width: 768px) 100vw, 768px\" \/><\/a><\/figure>\n\n\n\n<figure class=\"wp-block-image size-large is-resized\"><a href=\"https:\/\/feuerwehr-nahe.de\/ffnahe\/wp-content\/uploads\/2025\/09\/20250915_170910-scaled.jpg\"><img loading=\"lazy\" decoding=\"async\" width=\"1024\" height=\"768\" src=\"https:\/\/feuerwehr-nahe.de\/ffnahe\/wp-content\/uploads\/2025\/09\/20250915_170910-1024x768.jpg\" alt=\"\" class=\"wp-image-5418\" style=\"width:714px;height:auto\" srcset=\"https:\/\/feuerwehr-nahe.de\/ffnahe\/wp-content\/uploads\/2025\/09\/20250915_170910-1024x768.jpg 1024w, https:\/\/feuerwehr-nahe.de\/ffnahe\/wp-content\/uploads\/2025\/09\/20250915_170910-300x225.jpg 300w, https:\/\/feuerwehr-nahe.de\/ffnahe\/wp-content\/uploads\/2025\/09\/20250915_170910-768x576.jpg 768w, https:\/\/feuerwehr-nahe.de\/ffnahe\/wp-content\/uploads\/2025\/09\/20250915_170910-1536x1152.jpg 1536w, https:\/\/feuerwehr-nahe.de\/ffnahe\/wp-content\/uploads\/2025\/09\/20250915_170910-2048x1536.jpg 2048w\" sizes=\"auto, (max-width: 1024px) 100vw, 1024px\" \/><\/a><\/figure>\n","protected":false},"excerpt":{"rendered":"<p>Einsatzzeit von 16:48 bis 16:58 UhrEinsatzkr\u00e4fte: DLK-Gruppe Nahe\/ItzstedtEinsatzort: Oering, Kl\u00e4rteicheLage: Baum auf Stra\u00dfeAm Einsatzort wurde die Besatzung der DLK vom Einsatzleiter eingewiesen. Ein gr\u00f6\u00dferer Ast war abgebrochen und hing noch mit einem Teil am Baum fest. Mit einer gemischten Besatzung aus Itzstedt und Oering wurde der Ast beseitigt.<\/p>\n","protected":false},"author":6,"featured_media":0,"comment_status":"closed","ping_status":"closed","sticky":false,"template":"","format":"standard","meta":{"footnotes":""},"categories":[37],"tags":[],"class_list":["post-5415","post","type-post","status-publish","format-standard","hentry","category-37"],"_links":{"self":[{"href":"https:\/\/feuerwehr-nahe.de\/ffnahe\/wp-json\/wp\/v2\/posts\/5415","targetHints":{"allow":["GET"]}}],"collection":[{"href":"https:\/\/feuerwehr-nahe.de\/ffnahe\/wp-json\/wp\/v2\/posts"}],"about":[{"href":"https:\/\/feuerwehr-nahe.de\/ffnahe\/wp-json\/wp\/v2\/types\/post"}],"author":[{"embeddable":true,"href":"https:\/\/feuerwehr-nahe.de\/ffnahe\/wp-json\/wp\/v2\/users\/6"}],"replies":[{"embeddable":true,"href":"https:\/\/feuerwehr-nahe.de\/ffnahe\/wp-json\/wp\/v2\/comments?post=5415"}],"version-history":[{"count":1,"href":"https:\/\/feuerwehr-nahe.de\/ffnahe\/wp-json\/wp\/v2\/posts\/5415\/revisions"}],"predecessor-version":[{"id":5419,"href":"https:\/\/feuerwehr-nahe.de\/ffnahe\/wp-json\/wp\/v2\/posts\/5415\/revisions\/5419"}],"wp:attachment":[{"href":"https:\/\/feuerwehr-nahe.de\/ffnahe\/wp-json\/wp\/v2\/media?parent=5415"}],"wp:term":[{"taxonomy":"category","embeddable":true,"href":"https:\/\/feuerwehr-nahe.de\/ffnahe\/wp-json\/wp\/v2\/categories?post=5415"},{"taxonomy":"post_tag","embeddable":true,"href":"https:\/\/feuerwehr-nahe.de\/ffnahe\/wp-json\/wp\/v2\/tags?post=5415"}],"curies":[{"name":"wp","href":"https:\/\/api.w.org\/{rel}","templated":true}]}}