{"id":5408,"date":"2025-09-14T12:57:54","date_gmt":"2025-09-14T12:57:54","guid":{"rendered":"https:\/\/feuerwehr-nahe.de\/ffnahe\/?p=5408"},"modified":"2025-09-14T12:57:55","modified_gmt":"2025-09-14T12:57:55","slug":"einsatz-nr-5113-09-2025-einsatzstichwort-personensuche","status":"publish","type":"post","link":"https:\/\/feuerwehr-nahe.de\/ffnahe\/einsatz-nr-5113-09-2025-einsatzstichwort-personensuche\/","title":{"rendered":"Einsatz-Nr: 51<br>13.09.2025 Einsatzstichwort: Personensuche"},"content":{"rendered":"<p>Einsatzzeit von 16:26 bis 18:00 Uhr<br \/>Einsatzkr\u00e4fte: FF Nahe, FF Itzstedt<br \/>Einsatzort: Itzstedt, B 432 vor der Einm\u00fcndung Richtung Oering<\/p>\n<p>Lage: Person wurde vermisst<br \/>Am Einsatzort wurden wir von der Polizei erwartet. Hintergrund des Einsatzes war ein ein verlassenes Elektromobil. Durch die Polizei wurden schon weitergehende Ermittlungen get\u00e4tigt. Durch die Feuerwehr wurde das angrenzende Maisfeld durchsucht. Diese Ma\u00dfnahme wurde von der Drohnengruppe der Feuerwehr Norderstedt unterst\u00fctzt. Weder die Nachsuche im Maisfeld noch eine weitergehende Suche im Umfeld f\u00fchrten zum Auffinden oder zu Hinweisen auf eine hilflose Person. Nach Abschluss der Ma\u00dfnahmen wurde die Suche von der Polizei eingestellt. Von der Polizei wurde das Elektromobil sichergestellt und durch die Feuerwehr abtransportiert.\u00a0<\/p>\n\n\n<figure class=\"wp-block-image size-large\"><a href=\"https:\/\/feuerwehr-nahe.de\/ffnahe\/wp-content\/uploads\/2025\/09\/20250913_172249-scaled.jpg\"><img loading=\"lazy\" decoding=\"async\" width=\"1024\" height=\"768\" src=\"https:\/\/feuerwehr-nahe.de\/ffnahe\/wp-content\/uploads\/2025\/09\/20250913_172249-1024x768.jpg\" alt=\"\" class=\"wp-image-5409\" srcset=\"https:\/\/feuerwehr-nahe.de\/ffnahe\/wp-content\/uploads\/2025\/09\/20250913_172249-1024x768.jpg 1024w, https:\/\/feuerwehr-nahe.de\/ffnahe\/wp-content\/uploads\/2025\/09\/20250913_172249-300x225.jpg 300w, https:\/\/feuerwehr-nahe.de\/ffnahe\/wp-content\/uploads\/2025\/09\/20250913_172249-768x576.jpg 768w, https:\/\/feuerwehr-nahe.de\/ffnahe\/wp-content\/uploads\/2025\/09\/20250913_172249-1536x1152.jpg 1536w, https:\/\/feuerwehr-nahe.de\/ffnahe\/wp-content\/uploads\/2025\/09\/20250913_172249-2048x1536.jpg 2048w\" sizes=\"auto, (max-width: 1024px) 100vw, 1024px\" \/><\/a><\/figure>\n\n\n\n<figure class=\"wp-block-image size-large is-resized\"><a href=\"https:\/\/feuerwehr-nahe.de\/ffnahe\/wp-content\/uploads\/2025\/09\/20250913_170553-002-scaled.jpg\"><img loading=\"lazy\" decoding=\"async\" width=\"768\" height=\"1024\" src=\"https:\/\/feuerwehr-nahe.de\/ffnahe\/wp-content\/uploads\/2025\/09\/20250913_170553-002-768x1024.jpg\" alt=\"\" class=\"wp-image-5410\" style=\"width:714px;height:auto\" srcset=\"https:\/\/feuerwehr-nahe.de\/ffnahe\/wp-content\/uploads\/2025\/09\/20250913_170553-002-768x1024.jpg 768w, https:\/\/feuerwehr-nahe.de\/ffnahe\/wp-content\/uploads\/2025\/09\/20250913_170553-002-225x300.jpg 225w, https:\/\/feuerwehr-nahe.de\/ffnahe\/wp-content\/uploads\/2025\/09\/20250913_170553-002-1152x1536.jpg 1152w, https:\/\/feuerwehr-nahe.de\/ffnahe\/wp-content\/uploads\/2025\/09\/20250913_170553-002-1536x2048.jpg 1536w, https:\/\/feuerwehr-nahe.de\/ffnahe\/wp-content\/uploads\/2025\/09\/20250913_170553-002-scaled.jpg 1920w\" sizes=\"auto, (max-width: 768px) 100vw, 768px\" \/><\/a><\/figure>\n\n\n\n<figure class=\"wp-block-image size-large is-resized\"><a href=\"https:\/\/feuerwehr-nahe.de\/ffnahe\/wp-content\/uploads\/2025\/09\/20250913_170515-002-scaled.jpg\"><img loading=\"lazy\" decoding=\"async\" width=\"1024\" height=\"768\" src=\"https:\/\/feuerwehr-nahe.de\/ffnahe\/wp-content\/uploads\/2025\/09\/20250913_170515-002-1024x768.jpg\" alt=\"\" class=\"wp-image-5411\" style=\"width:716px;height:auto\" srcset=\"https:\/\/feuerwehr-nahe.de\/ffnahe\/wp-content\/uploads\/2025\/09\/20250913_170515-002-1024x768.jpg 1024w, https:\/\/feuerwehr-nahe.de\/ffnahe\/wp-content\/uploads\/2025\/09\/20250913_170515-002-300x225.jpg 300w, https:\/\/feuerwehr-nahe.de\/ffnahe\/wp-content\/uploads\/2025\/09\/20250913_170515-002-768x576.jpg 768w, https:\/\/feuerwehr-nahe.de\/ffnahe\/wp-content\/uploads\/2025\/09\/20250913_170515-002-1536x1152.jpg 1536w, https:\/\/feuerwehr-nahe.de\/ffnahe\/wp-content\/uploads\/2025\/09\/20250913_170515-002-2048x1536.jpg 2048w\" sizes=\"auto, (max-width: 1024px) 100vw, 1024px\" \/><\/a><\/figure>\n","protected":false},"excerpt":{"rendered":"<p>Einsatzzeit von 16:26 bis 18:00 UhrEinsatzkr\u00e4fte: FF Nahe, FF ItzstedtEinsatzort: Itzstedt, B 432 vor der Einm\u00fcndung Richtung Oering Lage: Person wurde vermisstAm Einsatzort wurden wir von der Polizei erwartet. Hintergrund des Einsatzes war ein ein verlassenes Elektromobil. Durch die Polizei wurden schon weitergehende Ermittlungen get\u00e4tigt. Durch die Feuerwehr wurde das angrenzende Maisfeld durchsucht. Diese Ma\u00dfnahme [&hellip;]<\/p>\n","protected":false},"author":6,"featured_media":0,"comment_status":"closed","ping_status":"closed","sticky":false,"template":"","format":"standard","meta":{"footnotes":""},"categories":[37],"tags":[],"class_list":["post-5408","post","type-post","status-publish","format-standard","hentry","category-37"],"_links":{"self":[{"href":"https:\/\/feuerwehr-nahe.de\/ffnahe\/wp-json\/wp\/v2\/posts\/5408","targetHints":{"allow":["GET"]}}],"collection":[{"href":"https:\/\/feuerwehr-nahe.de\/ffnahe\/wp-json\/wp\/v2\/posts"}],"about":[{"href":"https:\/\/feuerwehr-nahe.de\/ffnahe\/wp-json\/wp\/v2\/types\/post"}],"author":[{"embeddable":true,"href":"https:\/\/feuerwehr-nahe.de\/ffnahe\/wp-json\/wp\/v2\/users\/6"}],"replies":[{"embeddable":true,"href":"https:\/\/feuerwehr-nahe.de\/ffnahe\/wp-json\/wp\/v2\/comments?post=5408"}],"version-history":[{"count":1,"href":"https:\/\/feuerwehr-nahe.de\/ffnahe\/wp-json\/wp\/v2\/posts\/5408\/revisions"}],"predecessor-version":[{"id":5412,"href":"https:\/\/feuerwehr-nahe.de\/ffnahe\/wp-json\/wp\/v2\/posts\/5408\/revisions\/5412"}],"wp:attachment":[{"href":"https:\/\/feuerwehr-nahe.de\/ffnahe\/wp-json\/wp\/v2\/media?parent=5408"}],"wp:term":[{"taxonomy":"category","embeddable":true,"href":"https:\/\/feuerwehr-nahe.de\/ffnahe\/wp-json\/wp\/v2\/categories?post=5408"},{"taxonomy":"post_tag","embeddable":true,"href":"https:\/\/feuerwehr-nahe.de\/ffnahe\/wp-json\/wp\/v2\/tags?post=5408"}],"curies":[{"name":"wp","href":"https:\/\/api.w.org\/{rel}","templated":true}]}}