{"id":5373,"date":"2025-08-17T10:09:10","date_gmt":"2025-08-17T10:09:10","guid":{"rendered":"https:\/\/feuerwehr-nahe.de\/ffnahe\/?p=5373"},"modified":"2025-08-17T10:09:11","modified_gmt":"2025-08-17T10:09:11","slug":"einsatz-nr-4415-08-2025-einsatzstichwort-technische-hilfe-fachanforderung-drehleiter","status":"publish","type":"post","link":"https:\/\/feuerwehr-nahe.de\/ffnahe\/einsatz-nr-4415-08-2025-einsatzstichwort-technische-hilfe-fachanforderung-drehleiter\/","title":{"rendered":"Einsatz-Nr: 44<br>15.08.2025 Einsatzstichwort: Technische Hilfe, Fachanforderung Drehleiter"},"content":{"rendered":"<p>Einsatzzeit von 17:15 bis 19:10 Uhr<br \/>Einsatzkr\u00e4fte: DLK-Gruppe Nahe\/Itzstedt<br \/>Einsatzort: Tangstedt (Ortsteil Rade), Rader Weg<br \/>Lage: Ast droht zu fallen<\/p>\n<p>Am Einsatzort wurden wir von der \u00f6rtlichen Wehr eingewiesen. Ein gr\u00f6\u00dferer Ast einer Eiche war gesplissen und stellte eine Gefahr f\u00fcr den Stra\u00dfenverkehr da. Mittels der Drehleiter konnten die Feuerwehrkameraden den Ast in entsprechender H\u00f6he erreichen und so weit eink\u00fcrzen, dass eine weitere Gefahr ausgeschlossen ist. Im weiteren Verlauf des Einsatzes meldete sich ein Anwohner und wies uns auf eine weitere Gefahrenstelle hin. Es handelt sich um einen gr\u00f6\u00dferen Ast, der sich schon seit l\u00e4ngerem im Ge\u00e4st des Baumes verfangen hatte. Auch hier konnte die Gefahrenstelle beseitigt werden.<\/p>\n\n\n<figure class=\"wp-block-image size-large is-resized\"><a href=\"https:\/\/feuerwehr-nahe.de\/ffnahe\/wp-content\/uploads\/2025\/08\/IMG-20250815-WA0001.jpg\"><img loading=\"lazy\" decoding=\"async\" width=\"768\" height=\"1024\" src=\"https:\/\/feuerwehr-nahe.de\/ffnahe\/wp-content\/uploads\/2025\/08\/IMG-20250815-WA0001-768x1024.jpg\" alt=\"\" class=\"wp-image-5374\" style=\"width:840px;height:auto\" srcset=\"https:\/\/feuerwehr-nahe.de\/ffnahe\/wp-content\/uploads\/2025\/08\/IMG-20250815-WA0001-768x1024.jpg 768w, https:\/\/feuerwehr-nahe.de\/ffnahe\/wp-content\/uploads\/2025\/08\/IMG-20250815-WA0001-225x300.jpg 225w, https:\/\/feuerwehr-nahe.de\/ffnahe\/wp-content\/uploads\/2025\/08\/IMG-20250815-WA0001-1152x1536.jpg 1152w, https:\/\/feuerwehr-nahe.de\/ffnahe\/wp-content\/uploads\/2025\/08\/IMG-20250815-WA0001.jpg 1536w\" sizes=\"auto, (max-width: 768px) 100vw, 768px\" \/><\/a><\/figure>\n\n\n\n<figure class=\"wp-block-image size-large is-resized\"><a href=\"https:\/\/feuerwehr-nahe.de\/ffnahe\/wp-content\/uploads\/2025\/08\/IMG-20250815-WA0003.jpg\"><img loading=\"lazy\" decoding=\"async\" width=\"768\" height=\"1024\" src=\"https:\/\/feuerwehr-nahe.de\/ffnahe\/wp-content\/uploads\/2025\/08\/IMG-20250815-WA0003-768x1024.jpg\" alt=\"\" class=\"wp-image-5375\" style=\"width:840px;height:auto\" srcset=\"https:\/\/feuerwehr-nahe.de\/ffnahe\/wp-content\/uploads\/2025\/08\/IMG-20250815-WA0003-768x1024.jpg 768w, https:\/\/feuerwehr-nahe.de\/ffnahe\/wp-content\/uploads\/2025\/08\/IMG-20250815-WA0003-225x300.jpg 225w, https:\/\/feuerwehr-nahe.de\/ffnahe\/wp-content\/uploads\/2025\/08\/IMG-20250815-WA0003-1152x1536.jpg 1152w, https:\/\/feuerwehr-nahe.de\/ffnahe\/wp-content\/uploads\/2025\/08\/IMG-20250815-WA0003.jpg 1536w\" sizes=\"auto, (max-width: 768px) 100vw, 768px\" \/><\/a><\/figure>\n\n\n\n<figure class=\"wp-block-image size-large is-resized\"><a href=\"https:\/\/feuerwehr-nahe.de\/ffnahe\/wp-content\/uploads\/2025\/08\/IMG-20250815-WA0007.jpg\"><img loading=\"lazy\" decoding=\"async\" width=\"768\" height=\"1024\" src=\"https:\/\/feuerwehr-nahe.de\/ffnahe\/wp-content\/uploads\/2025\/08\/IMG-20250815-WA0007-768x1024.jpg\" alt=\"\" class=\"wp-image-5376\" style=\"width:840px;height:auto\" srcset=\"https:\/\/feuerwehr-nahe.de\/ffnahe\/wp-content\/uploads\/2025\/08\/IMG-20250815-WA0007-768x1024.jpg 768w, https:\/\/feuerwehr-nahe.de\/ffnahe\/wp-content\/uploads\/2025\/08\/IMG-20250815-WA0007-225x300.jpg 225w, https:\/\/feuerwehr-nahe.de\/ffnahe\/wp-content\/uploads\/2025\/08\/IMG-20250815-WA0007-1152x1536.jpg 1152w, https:\/\/feuerwehr-nahe.de\/ffnahe\/wp-content\/uploads\/2025\/08\/IMG-20250815-WA0007.jpg 1536w\" sizes=\"auto, (max-width: 768px) 100vw, 768px\" \/><\/a><\/figure>\n","protected":false},"excerpt":{"rendered":"<p>Einsatzzeit von 17:15 bis 19:10 UhrEinsatzkr\u00e4fte: DLK-Gruppe Nahe\/ItzstedtEinsatzort: Tangstedt (Ortsteil Rade), Rader WegLage: Ast droht zu fallen Am Einsatzort wurden wir von der \u00f6rtlichen Wehr eingewiesen. Ein gr\u00f6\u00dferer Ast einer Eiche war gesplissen und stellte eine Gefahr f\u00fcr den Stra\u00dfenverkehr da. Mittels der Drehleiter konnten die Feuerwehrkameraden den Ast in entsprechender H\u00f6he erreichen und so [&hellip;]<\/p>\n","protected":false},"author":6,"featured_media":0,"comment_status":"closed","ping_status":"closed","sticky":false,"template":"","format":"standard","meta":{"footnotes":""},"categories":[37],"tags":[],"class_list":["post-5373","post","type-post","status-publish","format-standard","hentry","category-37"],"_links":{"self":[{"href":"https:\/\/feuerwehr-nahe.de\/ffnahe\/wp-json\/wp\/v2\/posts\/5373","targetHints":{"allow":["GET"]}}],"collection":[{"href":"https:\/\/feuerwehr-nahe.de\/ffnahe\/wp-json\/wp\/v2\/posts"}],"about":[{"href":"https:\/\/feuerwehr-nahe.de\/ffnahe\/wp-json\/wp\/v2\/types\/post"}],"author":[{"embeddable":true,"href":"https:\/\/feuerwehr-nahe.de\/ffnahe\/wp-json\/wp\/v2\/users\/6"}],"replies":[{"embeddable":true,"href":"https:\/\/feuerwehr-nahe.de\/ffnahe\/wp-json\/wp\/v2\/comments?post=5373"}],"version-history":[{"count":1,"href":"https:\/\/feuerwehr-nahe.de\/ffnahe\/wp-json\/wp\/v2\/posts\/5373\/revisions"}],"predecessor-version":[{"id":5377,"href":"https:\/\/feuerwehr-nahe.de\/ffnahe\/wp-json\/wp\/v2\/posts\/5373\/revisions\/5377"}],"wp:attachment":[{"href":"https:\/\/feuerwehr-nahe.de\/ffnahe\/wp-json\/wp\/v2\/media?parent=5373"}],"wp:term":[{"taxonomy":"category","embeddable":true,"href":"https:\/\/feuerwehr-nahe.de\/ffnahe\/wp-json\/wp\/v2\/categories?post=5373"},{"taxonomy":"post_tag","embeddable":true,"href":"https:\/\/feuerwehr-nahe.de\/ffnahe\/wp-json\/wp\/v2\/tags?post=5373"}],"curies":[{"name":"wp","href":"https:\/\/api.w.org\/{rel}","templated":true}]}}