{"id":5368,"date":"2025-08-11T12:55:27","date_gmt":"2025-08-11T12:55:27","guid":{"rendered":"https:\/\/feuerwehr-nahe.de\/ffnahe\/?p=5368"},"modified":"2025-08-11T12:55:28","modified_gmt":"2025-08-11T12:55:28","slug":"einsatz-nr-4211-08-2025-einsatzstichwort-feuer","status":"publish","type":"post","link":"https:\/\/feuerwehr-nahe.de\/ffnahe\/einsatz-nr-4211-08-2025-einsatzstichwort-feuer\/","title":{"rendered":"Einsatz-Nr: 42<br>11.08.2025 Einsatzstichwort: Feuer"},"content":{"rendered":"<p>Einsatzzeit von 11:26 bis 12:10 Uhr<br \/>Einsatzkr\u00e4fte: FF Nahe, FF Itzstedt, FF Kayhude<br \/>Einsatzort: Itzstedt, Segeberger Stra\u00dfe<br \/>Lage: Hecke brannte<br \/>Aus noch ungekl\u00e4rter Ursache entz\u00fcndete sich ein Hecke. Durch die Feuerwehr konnte der Brand gel\u00f6scht und damit eine Ausweitung des Feuers auf ein Geb\u00e4ude verhindert werden.\u00a0\u00a0<\/p>\n\n\n<figure class=\"wp-block-image size-large\"><a href=\"https:\/\/feuerwehr-nahe.de\/ffnahe\/wp-content\/uploads\/2025\/08\/20250811_113904-scaled.jpg\"><img loading=\"lazy\" decoding=\"async\" width=\"1024\" height=\"768\" src=\"https:\/\/feuerwehr-nahe.de\/ffnahe\/wp-content\/uploads\/2025\/08\/20250811_113904-1024x768.jpg\" alt=\"\" class=\"wp-image-5369\" srcset=\"https:\/\/feuerwehr-nahe.de\/ffnahe\/wp-content\/uploads\/2025\/08\/20250811_113904-1024x768.jpg 1024w, https:\/\/feuerwehr-nahe.de\/ffnahe\/wp-content\/uploads\/2025\/08\/20250811_113904-300x225.jpg 300w, https:\/\/feuerwehr-nahe.de\/ffnahe\/wp-content\/uploads\/2025\/08\/20250811_113904-768x576.jpg 768w, https:\/\/feuerwehr-nahe.de\/ffnahe\/wp-content\/uploads\/2025\/08\/20250811_113904-1536x1152.jpg 1536w, https:\/\/feuerwehr-nahe.de\/ffnahe\/wp-content\/uploads\/2025\/08\/20250811_113904-2048x1536.jpg 2048w\" sizes=\"auto, (max-width: 1024px) 100vw, 1024px\" \/><\/a><\/figure>\n","protected":false},"excerpt":{"rendered":"<p>Einsatzzeit von 11:26 bis 12:10 UhrEinsatzkr\u00e4fte: FF Nahe, FF Itzstedt, FF KayhudeEinsatzort: Itzstedt, Segeberger Stra\u00dfeLage: Hecke brannteAus noch ungekl\u00e4rter Ursache entz\u00fcndete sich ein Hecke. Durch die Feuerwehr konnte der Brand gel\u00f6scht und damit eine Ausweitung des Feuers auf ein Geb\u00e4ude verhindert werden.\u00a0\u00a0<\/p>\n","protected":false},"author":6,"featured_media":0,"comment_status":"closed","ping_status":"closed","sticky":false,"template":"","format":"standard","meta":{"footnotes":""},"categories":[37],"tags":[],"class_list":["post-5368","post","type-post","status-publish","format-standard","hentry","category-37"],"_links":{"self":[{"href":"https:\/\/feuerwehr-nahe.de\/ffnahe\/wp-json\/wp\/v2\/posts\/5368","targetHints":{"allow":["GET"]}}],"collection":[{"href":"https:\/\/feuerwehr-nahe.de\/ffnahe\/wp-json\/wp\/v2\/posts"}],"about":[{"href":"https:\/\/feuerwehr-nahe.de\/ffnahe\/wp-json\/wp\/v2\/types\/post"}],"author":[{"embeddable":true,"href":"https:\/\/feuerwehr-nahe.de\/ffnahe\/wp-json\/wp\/v2\/users\/6"}],"replies":[{"embeddable":true,"href":"https:\/\/feuerwehr-nahe.de\/ffnahe\/wp-json\/wp\/v2\/comments?post=5368"}],"version-history":[{"count":1,"href":"https:\/\/feuerwehr-nahe.de\/ffnahe\/wp-json\/wp\/v2\/posts\/5368\/revisions"}],"predecessor-version":[{"id":5370,"href":"https:\/\/feuerwehr-nahe.de\/ffnahe\/wp-json\/wp\/v2\/posts\/5368\/revisions\/5370"}],"wp:attachment":[{"href":"https:\/\/feuerwehr-nahe.de\/ffnahe\/wp-json\/wp\/v2\/media?parent=5368"}],"wp:term":[{"taxonomy":"category","embeddable":true,"href":"https:\/\/feuerwehr-nahe.de\/ffnahe\/wp-json\/wp\/v2\/categories?post=5368"},{"taxonomy":"post_tag","embeddable":true,"href":"https:\/\/feuerwehr-nahe.de\/ffnahe\/wp-json\/wp\/v2\/tags?post=5368"}],"curies":[{"name":"wp","href":"https:\/\/api.w.org\/{rel}","templated":true}]}}