{"id":5291,"date":"2025-06-04T14:42:08","date_gmt":"2025-06-04T14:42:08","guid":{"rendered":"https:\/\/feuerwehr-nahe.de\/ffnahe\/?p=5291"},"modified":"2025-06-04T14:42:08","modified_gmt":"2025-06-04T14:42:08","slug":"einsatz-nr-3004-06-2025-einsatzstichwort-notfall-tuer-verschlossen","status":"publish","type":"post","link":"https:\/\/feuerwehr-nahe.de\/ffnahe\/einsatz-nr-3004-06-2025-einsatzstichwort-notfall-tuer-verschlossen\/","title":{"rendered":"Einsatz-Nr: 30<br>04.06.2025 Einsatzstichwort: Notfall, T\u00fcr verschlossen"},"content":{"rendered":"<p>Einsatzzeit von 15:46 bis 16:15 Uhr<br \/>\nEinsatzkr\u00e4fte: FF Nahe, DLK-Gruppe Nahe\/Itzstedt<br \/>\nEinsatzort: Nahe, Dorfstra\u00dfe<br \/>\nLage: Person gest\u00fcrzt, T\u00fcr verschlossen<br \/>\nEine Person war in der Wohnung gest\u00fcrzt und konnte nicht alleine aufstehen. Die Wohnungst\u00fcr wurde durch die FF-Nahe ge\u00f6ffnet und der Rettungsdienst konnte die Person verorgen.<\/p>\n","protected":false},"excerpt":{"rendered":"<p>Einsatzzeit von 15:46 bis 16:15 Uhr Einsatzkr\u00e4fte: FF Nahe, DLK-Gruppe Nahe\/Itzstedt Einsatzort: Nahe, Dorfstra\u00dfe Lage: Person gest\u00fcrzt, T\u00fcr verschlossen Eine Person war in der Wohnung gest\u00fcrzt und konnte nicht alleine aufstehen. Die Wohnungst\u00fcr wurde durch die FF-Nahe ge\u00f6ffnet und der Rettungsdienst konnte die Person verorgen.<\/p>\n","protected":false},"author":6,"featured_media":0,"comment_status":"closed","ping_status":"closed","sticky":false,"template":"","format":"standard","meta":{"footnotes":""},"categories":[37],"tags":[],"class_list":["post-5291","post","type-post","status-publish","format-standard","hentry","category-37"],"_links":{"self":[{"href":"https:\/\/feuerwehr-nahe.de\/ffnahe\/wp-json\/wp\/v2\/posts\/5291","targetHints":{"allow":["GET"]}}],"collection":[{"href":"https:\/\/feuerwehr-nahe.de\/ffnahe\/wp-json\/wp\/v2\/posts"}],"about":[{"href":"https:\/\/feuerwehr-nahe.de\/ffnahe\/wp-json\/wp\/v2\/types\/post"}],"author":[{"embeddable":true,"href":"https:\/\/feuerwehr-nahe.de\/ffnahe\/wp-json\/wp\/v2\/users\/6"}],"replies":[{"embeddable":true,"href":"https:\/\/feuerwehr-nahe.de\/ffnahe\/wp-json\/wp\/v2\/comments?post=5291"}],"version-history":[{"count":1,"href":"https:\/\/feuerwehr-nahe.de\/ffnahe\/wp-json\/wp\/v2\/posts\/5291\/revisions"}],"predecessor-version":[{"id":5292,"href":"https:\/\/feuerwehr-nahe.de\/ffnahe\/wp-json\/wp\/v2\/posts\/5291\/revisions\/5292"}],"wp:attachment":[{"href":"https:\/\/feuerwehr-nahe.de\/ffnahe\/wp-json\/wp\/v2\/media?parent=5291"}],"wp:term":[{"taxonomy":"category","embeddable":true,"href":"https:\/\/feuerwehr-nahe.de\/ffnahe\/wp-json\/wp\/v2\/categories?post=5291"},{"taxonomy":"post_tag","embeddable":true,"href":"https:\/\/feuerwehr-nahe.de\/ffnahe\/wp-json\/wp\/v2\/tags?post=5291"}],"curies":[{"name":"wp","href":"https:\/\/api.w.org\/{rel}","templated":true}]}}