{"id":5247,"date":"2025-03-29T16:02:06","date_gmt":"2025-03-29T16:02:06","guid":{"rendered":"https:\/\/feuerwehr-nahe.de\/ffnahe\/?p=5247"},"modified":"2025-03-29T16:02:07","modified_gmt":"2025-03-29T16:02:07","slug":"einsatz-nr-1929-03-2025-einsatzstichwort-unterstuetzung-rettungsdienst-mit-drehleiter","status":"publish","type":"post","link":"https:\/\/feuerwehr-nahe.de\/ffnahe\/einsatz-nr-1929-03-2025-einsatzstichwort-unterstuetzung-rettungsdienst-mit-drehleiter\/","title":{"rendered":"Einsatz-Nr: 19<br>29.03.2025 Einsatzstichwort: Unterst\u00fctzung Rettungsdienst mit Drehleiter"},"content":{"rendered":"<p>Einsatzzeit von 14:07 bis 15:10 Uhr<br \/>Einsatzkr\u00e4fte: FF Nahe, DLK-Gruppe Nahe\/Itzstedt<br \/>Einsatzort: Nahe, Dorfstra\u00dfe<br \/>Lage: Person gest\u00fcrzt und verletzt<br \/>Eine Person war gest\u00fcrzt und hatte sich dabei schwer verletzt. Die Person befand sich im 1. OG und sollte patientenschonend gerettet werden. Mittels Drehleiter konnte die Person aus dem OG heruntergefahren und dort dem Rettungsdienst zur weiteren Versorgung \u00fcbergeben werden.<\/p>\n\n\n<figure class=\"wp-block-image size-large\"><a href=\"https:\/\/feuerwehr-nahe.de\/ffnahe\/wp-content\/uploads\/2025\/03\/IMG-20250329-WA0011.jpg\"><img loading=\"lazy\" decoding=\"async\" width=\"1024\" height=\"576\" src=\"https:\/\/feuerwehr-nahe.de\/ffnahe\/wp-content\/uploads\/2025\/03\/IMG-20250329-WA0011-1024x576.jpg\" alt=\"\" class=\"wp-image-5248\" srcset=\"https:\/\/feuerwehr-nahe.de\/ffnahe\/wp-content\/uploads\/2025\/03\/IMG-20250329-WA0011-1024x576.jpg 1024w, https:\/\/feuerwehr-nahe.de\/ffnahe\/wp-content\/uploads\/2025\/03\/IMG-20250329-WA0011-300x169.jpg 300w, https:\/\/feuerwehr-nahe.de\/ffnahe\/wp-content\/uploads\/2025\/03\/IMG-20250329-WA0011-768x432.jpg 768w, https:\/\/feuerwehr-nahe.de\/ffnahe\/wp-content\/uploads\/2025\/03\/IMG-20250329-WA0011-1536x864.jpg 1536w, https:\/\/feuerwehr-nahe.de\/ffnahe\/wp-content\/uploads\/2025\/03\/IMG-20250329-WA0011.jpg 2040w\" sizes=\"auto, (max-width: 1024px) 100vw, 1024px\" \/><\/a><\/figure>\n\n\n\n<figure class=\"wp-block-image size-large is-resized\"><a href=\"https:\/\/feuerwehr-nahe.de\/ffnahe\/wp-content\/uploads\/2025\/03\/20250329_142524-002-scaled.jpg\"><img loading=\"lazy\" decoding=\"async\" width=\"768\" height=\"1024\" src=\"https:\/\/feuerwehr-nahe.de\/ffnahe\/wp-content\/uploads\/2025\/03\/20250329_142524-002-768x1024.jpg\" alt=\"\" class=\"wp-image-5249\" style=\"width:840px;height:auto\" srcset=\"https:\/\/feuerwehr-nahe.de\/ffnahe\/wp-content\/uploads\/2025\/03\/20250329_142524-002-768x1024.jpg 768w, https:\/\/feuerwehr-nahe.de\/ffnahe\/wp-content\/uploads\/2025\/03\/20250329_142524-002-225x300.jpg 225w, https:\/\/feuerwehr-nahe.de\/ffnahe\/wp-content\/uploads\/2025\/03\/20250329_142524-002-1152x1536.jpg 1152w, https:\/\/feuerwehr-nahe.de\/ffnahe\/wp-content\/uploads\/2025\/03\/20250329_142524-002-1536x2048.jpg 1536w, https:\/\/feuerwehr-nahe.de\/ffnahe\/wp-content\/uploads\/2025\/03\/20250329_142524-002-scaled.jpg 1920w\" sizes=\"auto, (max-width: 768px) 100vw, 768px\" \/><\/a><\/figure>\n\n\n\n<figure class=\"wp-block-image size-large\"><a href=\"https:\/\/feuerwehr-nahe.de\/ffnahe\/wp-content\/uploads\/2025\/03\/20250329_142555-002-scaled.jpg\"><img loading=\"lazy\" decoding=\"async\" width=\"1024\" height=\"768\" src=\"https:\/\/feuerwehr-nahe.de\/ffnahe\/wp-content\/uploads\/2025\/03\/20250329_142555-002-1024x768.jpg\" alt=\"\" class=\"wp-image-5250\" srcset=\"https:\/\/feuerwehr-nahe.de\/ffnahe\/wp-content\/uploads\/2025\/03\/20250329_142555-002-1024x768.jpg 1024w, https:\/\/feuerwehr-nahe.de\/ffnahe\/wp-content\/uploads\/2025\/03\/20250329_142555-002-300x225.jpg 300w, https:\/\/feuerwehr-nahe.de\/ffnahe\/wp-content\/uploads\/2025\/03\/20250329_142555-002-768x576.jpg 768w, https:\/\/feuerwehr-nahe.de\/ffnahe\/wp-content\/uploads\/2025\/03\/20250329_142555-002-1536x1152.jpg 1536w, https:\/\/feuerwehr-nahe.de\/ffnahe\/wp-content\/uploads\/2025\/03\/20250329_142555-002-2048x1536.jpg 2048w\" sizes=\"auto, (max-width: 1024px) 100vw, 1024px\" \/><\/a><\/figure>\n\n\n\n<figure class=\"wp-block-image size-large\"><a href=\"https:\/\/feuerwehr-nahe.de\/ffnahe\/wp-content\/uploads\/2025\/03\/20250329_143042-002-scaled.jpg\"><img loading=\"lazy\" decoding=\"async\" width=\"1024\" height=\"768\" src=\"https:\/\/feuerwehr-nahe.de\/ffnahe\/wp-content\/uploads\/2025\/03\/20250329_143042-002-1024x768.jpg\" alt=\"\" class=\"wp-image-5251\" srcset=\"https:\/\/feuerwehr-nahe.de\/ffnahe\/wp-content\/uploads\/2025\/03\/20250329_143042-002-1024x768.jpg 1024w, https:\/\/feuerwehr-nahe.de\/ffnahe\/wp-content\/uploads\/2025\/03\/20250329_143042-002-300x225.jpg 300w, https:\/\/feuerwehr-nahe.de\/ffnahe\/wp-content\/uploads\/2025\/03\/20250329_143042-002-768x576.jpg 768w, https:\/\/feuerwehr-nahe.de\/ffnahe\/wp-content\/uploads\/2025\/03\/20250329_143042-002-1536x1152.jpg 1536w, https:\/\/feuerwehr-nahe.de\/ffnahe\/wp-content\/uploads\/2025\/03\/20250329_143042-002-2048x1536.jpg 2048w\" sizes=\"auto, (max-width: 1024px) 100vw, 1024px\" \/><\/a><\/figure>\n","protected":false},"excerpt":{"rendered":"<p>Einsatzzeit von 14:07 bis 15:10 UhrEinsatzkr\u00e4fte: FF Nahe, DLK-Gruppe Nahe\/ItzstedtEinsatzort: Nahe, Dorfstra\u00dfeLage: Person gest\u00fcrzt und verletztEine Person war gest\u00fcrzt und hatte sich dabei schwer verletzt. Die Person befand sich im 1. OG und sollte patientenschonend gerettet werden. Mittels Drehleiter konnte die Person aus dem OG heruntergefahren und dort dem Rettungsdienst zur weiteren Versorgung \u00fcbergeben werden.<\/p>\n","protected":false},"author":6,"featured_media":0,"comment_status":"closed","ping_status":"closed","sticky":false,"template":"","format":"standard","meta":{"footnotes":""},"categories":[37],"tags":[],"class_list":["post-5247","post","type-post","status-publish","format-standard","hentry","category-37"],"_links":{"self":[{"href":"https:\/\/feuerwehr-nahe.de\/ffnahe\/wp-json\/wp\/v2\/posts\/5247","targetHints":{"allow":["GET"]}}],"collection":[{"href":"https:\/\/feuerwehr-nahe.de\/ffnahe\/wp-json\/wp\/v2\/posts"}],"about":[{"href":"https:\/\/feuerwehr-nahe.de\/ffnahe\/wp-json\/wp\/v2\/types\/post"}],"author":[{"embeddable":true,"href":"https:\/\/feuerwehr-nahe.de\/ffnahe\/wp-json\/wp\/v2\/users\/6"}],"replies":[{"embeddable":true,"href":"https:\/\/feuerwehr-nahe.de\/ffnahe\/wp-json\/wp\/v2\/comments?post=5247"}],"version-history":[{"count":1,"href":"https:\/\/feuerwehr-nahe.de\/ffnahe\/wp-json\/wp\/v2\/posts\/5247\/revisions"}],"predecessor-version":[{"id":5252,"href":"https:\/\/feuerwehr-nahe.de\/ffnahe\/wp-json\/wp\/v2\/posts\/5247\/revisions\/5252"}],"wp:attachment":[{"href":"https:\/\/feuerwehr-nahe.de\/ffnahe\/wp-json\/wp\/v2\/media?parent=5247"}],"wp:term":[{"taxonomy":"category","embeddable":true,"href":"https:\/\/feuerwehr-nahe.de\/ffnahe\/wp-json\/wp\/v2\/categories?post=5247"},{"taxonomy":"post_tag","embeddable":true,"href":"https:\/\/feuerwehr-nahe.de\/ffnahe\/wp-json\/wp\/v2\/tags?post=5247"}],"curies":[{"name":"wp","href":"https:\/\/api.w.org\/{rel}","templated":true}]}}