{"id":5048,"date":"2024-09-19T07:26:07","date_gmt":"2024-09-19T07:26:07","guid":{"rendered":"https:\/\/feuerwehr-nahe.de\/ffnahe\/?p=5048"},"modified":"2024-09-19T07:26:08","modified_gmt":"2024-09-19T07:26:08","slug":"einsatz-nr-3318-09-2024-einsatzstichwort-notfall-tuer-verschlossen","status":"publish","type":"post","link":"https:\/\/feuerwehr-nahe.de\/ffnahe\/einsatz-nr-3318-09-2024-einsatzstichwort-notfall-tuer-verschlossen\/","title":{"rendered":"Einsatz-Nr: 33<br>18.09.2024 Einsatzstichwort: Notfall T\u00fcr verschlossen."},"content":{"rendered":"<p>Einsatzzeit von 10:01 bis 11:30 Uhr<br \/>\nEinsatzkr\u00e4fte: FF Nahe<br \/>\nEinsatzort: Nahe, Lerchenweg<br \/>\nLage: Hilflose Person im Haus kann die T\u00fcr nicht \u00f6ffnen<br \/>\nDie FF-Nahe wurde durch eine Mitarbeiterin des Pflegedienstes zum Einsatzort gerufen, da die pflegebed\u00fcrftige Person die T\u00fcr nicht \u00f6ffnen konnte. Vor Ort konnte die T\u00fcr ge\u00f6ffnet werden und die Person vom Rettungsdienst versorgt werden. Die Person wurde im Anschluss mit dem RTW dem Krankenhaus zugef\u00fchrt.<\/p>\n","protected":false},"excerpt":{"rendered":"<p>Einsatzzeit von 10:01 bis 11:30 Uhr Einsatzkr\u00e4fte: FF Nahe Einsatzort: Nahe, Lerchenweg Lage: Hilflose Person im Haus kann die T\u00fcr nicht \u00f6ffnen Die FF-Nahe wurde durch eine Mitarbeiterin des Pflegedienstes zum Einsatzort gerufen, da die pflegebed\u00fcrftige Person die T\u00fcr nicht \u00f6ffnen konnte. Vor Ort konnte die T\u00fcr ge\u00f6ffnet werden und die Person vom Rettungsdienst versorgt [&hellip;]<\/p>\n","protected":false},"author":6,"featured_media":0,"comment_status":"closed","ping_status":"closed","sticky":false,"template":"","format":"standard","meta":{"footnotes":""},"categories":[36],"tags":[],"class_list":["post-5048","post","type-post","status-publish","format-standard","hentry","category-36"],"_links":{"self":[{"href":"https:\/\/feuerwehr-nahe.de\/ffnahe\/wp-json\/wp\/v2\/posts\/5048","targetHints":{"allow":["GET"]}}],"collection":[{"href":"https:\/\/feuerwehr-nahe.de\/ffnahe\/wp-json\/wp\/v2\/posts"}],"about":[{"href":"https:\/\/feuerwehr-nahe.de\/ffnahe\/wp-json\/wp\/v2\/types\/post"}],"author":[{"embeddable":true,"href":"https:\/\/feuerwehr-nahe.de\/ffnahe\/wp-json\/wp\/v2\/users\/6"}],"replies":[{"embeddable":true,"href":"https:\/\/feuerwehr-nahe.de\/ffnahe\/wp-json\/wp\/v2\/comments?post=5048"}],"version-history":[{"count":1,"href":"https:\/\/feuerwehr-nahe.de\/ffnahe\/wp-json\/wp\/v2\/posts\/5048\/revisions"}],"predecessor-version":[{"id":5049,"href":"https:\/\/feuerwehr-nahe.de\/ffnahe\/wp-json\/wp\/v2\/posts\/5048\/revisions\/5049"}],"wp:attachment":[{"href":"https:\/\/feuerwehr-nahe.de\/ffnahe\/wp-json\/wp\/v2\/media?parent=5048"}],"wp:term":[{"taxonomy":"category","embeddable":true,"href":"https:\/\/feuerwehr-nahe.de\/ffnahe\/wp-json\/wp\/v2\/categories?post=5048"},{"taxonomy":"post_tag","embeddable":true,"href":"https:\/\/feuerwehr-nahe.de\/ffnahe\/wp-json\/wp\/v2\/tags?post=5048"}],"curies":[{"name":"wp","href":"https:\/\/api.w.org\/{rel}","templated":true}]}}