{"id":5015,"date":"2024-07-12T10:10:33","date_gmt":"2024-07-12T10:10:33","guid":{"rendered":"https:\/\/feuerwehr-nahe.de\/ffnahe\/?p=5015"},"modified":"2024-07-12T10:10:34","modified_gmt":"2024-07-12T10:10:34","slug":"einsatz-nr-2411-07-2024-einsatzstichwort-technische-hilfe-person-in-gefahr","status":"publish","type":"post","link":"https:\/\/feuerwehr-nahe.de\/ffnahe\/einsatz-nr-2411-07-2024-einsatzstichwort-technische-hilfe-person-in-gefahr\/","title":{"rendered":"Einsatz-Nr: 24<br>11.07.2024 Einsatzstichwort: Technische Hilfe, Person in Gefahr"},"content":{"rendered":"<p>Einsatzzeit von 18:20 bis 19:50 Uhr<br \/>Einsatzkr\u00e4fte: FF Nahe, FF Itzstedt, FF S\u00fclfeld, FF Oering<br \/>Einsatzort: Nahe, Wakendorfer Stra\u00dfe\/Dorfstra\u00dfe<br \/>Lage: Verkehrsunfall mit umgekippten Transporter<br \/>Im Rahmen des Einsatzes in Seth erhielt die FF-Nahe den Einsatz, dass es zu einem Verkehrsunfall mit eingeklemmter Person gekommen ist. Auf Grund der Einsatzlage konnten Teilkr\u00e4fte der FF-Nahe, FF-Itzstedt und FF-Oering abgezogen werden. Vor Ort konnte gekl\u00e4rt werden, dass die Beteiligten des Verkehrsunfalles nicht eingeklemmt waren. Die Personen wurden vor Ort betreut und dem Rettungsdienst \u00fcbergeben. Nach der Unfallaufnahme durch die Polizei konnte die Unfallstelle ger\u00e4umt und die Wakendorfer Stra\u00dfe wieder frei gegeben werden.<\/p>\n<p>Nachtrag: Im Rahmen des Einsatzes wurde die Unfallstelle durch Einsatzkr\u00e4fte der Feuerwehr gesichert\/abgesperrt. Dies f\u00fchrte leider auch dazu, dass Verkehrsteilnehmer die Unfallstelle weitr\u00e4umig umfahren mussten. Leider wurde dieses von einer Verkehrsteilnehmerin mit der &#8222;Scheibenwischer-Geste&#8220; gegen\u00fcber einer Kameradin bewertet.\u00a0<\/p>\n<p>Liebe Mitb\u00fcrgerinnen und Mitb\u00fcrger<\/p>\n<p>Meine Kameradinnen und Kameraden leisten ihren Dienst in der Feuerwehr ehrenamtlich f\u00fcr Sie. Wenn diese im Rahmen eines Einsatzes ihren vorgesehenen Weg absperren, dann nicht um Sie zu \u00e4rgern, sondern um Sie vor den Gefahren an der Einsatzstelle zu sch\u00fctzen. Ich bitte daher darum, die Einsatzbereitschaft meiner Kameradinnen und Kameraden nicht dadurch herabzusetzen, dass diese Beleidigt oder ihnen die Kompetenz f\u00fcr ihre T\u00e4tigkeit abgesprochen wird.\u00a0<\/p>\n\n\n<figure class=\"wp-block-image size-large\"><a href=\"https:\/\/feuerwehr-nahe.de\/ffnahe\/wp-content\/uploads\/2024\/07\/image-3.png\"><img loading=\"lazy\" decoding=\"async\" width=\"1024\" height=\"491\" src=\"https:\/\/feuerwehr-nahe.de\/ffnahe\/wp-content\/uploads\/2024\/07\/image-3-1024x491.png\" alt=\"\" class=\"wp-image-5016\" srcset=\"https:\/\/feuerwehr-nahe.de\/ffnahe\/wp-content\/uploads\/2024\/07\/image-3-1024x491.png 1024w, https:\/\/feuerwehr-nahe.de\/ffnahe\/wp-content\/uploads\/2024\/07\/image-3-300x144.png 300w, https:\/\/feuerwehr-nahe.de\/ffnahe\/wp-content\/uploads\/2024\/07\/image-3-768x369.png 768w, https:\/\/feuerwehr-nahe.de\/ffnahe\/wp-content\/uploads\/2024\/07\/image-3.png 1448w\" sizes=\"auto, (max-width: 1024px) 100vw, 1024px\" \/><\/a><\/figure>\n\n\n\n<figure class=\"wp-block-image size-large\"><a href=\"https:\/\/feuerwehr-nahe.de\/ffnahe\/wp-content\/uploads\/2024\/07\/image-4.png\"><img loading=\"lazy\" decoding=\"async\" width=\"771\" height=\"1024\" src=\"https:\/\/feuerwehr-nahe.de\/ffnahe\/wp-content\/uploads\/2024\/07\/image-4-771x1024.png\" alt=\"\" class=\"wp-image-5017\" srcset=\"https:\/\/feuerwehr-nahe.de\/ffnahe\/wp-content\/uploads\/2024\/07\/image-4-771x1024.png 771w, https:\/\/feuerwehr-nahe.de\/ffnahe\/wp-content\/uploads\/2024\/07\/image-4-226x300.png 226w, https:\/\/feuerwehr-nahe.de\/ffnahe\/wp-content\/uploads\/2024\/07\/image-4-768x1021.png 768w, https:\/\/feuerwehr-nahe.de\/ffnahe\/wp-content\/uploads\/2024\/07\/image-4-1156x1536.png 1156w, https:\/\/feuerwehr-nahe.de\/ffnahe\/wp-content\/uploads\/2024\/07\/image-4.png 1204w\" sizes=\"auto, (max-width: 771px) 100vw, 771px\" \/><\/a><\/figure>\n\n\n\n<figure class=\"wp-block-image size-large\"><a href=\"https:\/\/feuerwehr-nahe.de\/ffnahe\/wp-content\/uploads\/2024\/07\/image-5.png\"><img loading=\"lazy\" decoding=\"async\" width=\"1024\" height=\"576\" src=\"https:\/\/feuerwehr-nahe.de\/ffnahe\/wp-content\/uploads\/2024\/07\/image-5-1024x576.png\" alt=\"\" class=\"wp-image-5018\" srcset=\"https:\/\/feuerwehr-nahe.de\/ffnahe\/wp-content\/uploads\/2024\/07\/image-5-1024x576.png 1024w, https:\/\/feuerwehr-nahe.de\/ffnahe\/wp-content\/uploads\/2024\/07\/image-5-300x169.png 300w, https:\/\/feuerwehr-nahe.de\/ffnahe\/wp-content\/uploads\/2024\/07\/image-5-768x432.png 768w, https:\/\/feuerwehr-nahe.de\/ffnahe\/wp-content\/uploads\/2024\/07\/image-5-1536x864.png 1536w, https:\/\/feuerwehr-nahe.de\/ffnahe\/wp-content\/uploads\/2024\/07\/image-5.png 1920w\" sizes=\"auto, (max-width: 1024px) 100vw, 1024px\" \/><\/a><\/figure>\n","protected":false},"excerpt":{"rendered":"<p>Einsatzzeit von 18:20 bis 19:50 UhrEinsatzkr\u00e4fte: FF Nahe, FF Itzstedt, FF S\u00fclfeld, FF OeringEinsatzort: Nahe, Wakendorfer Stra\u00dfe\/Dorfstra\u00dfeLage: Verkehrsunfall mit umgekippten TransporterIm Rahmen des Einsatzes in Seth erhielt die FF-Nahe den Einsatz, dass es zu einem Verkehrsunfall mit eingeklemmter Person gekommen ist. Auf Grund der Einsatzlage konnten Teilkr\u00e4fte der FF-Nahe, FF-Itzstedt und FF-Oering abgezogen werden. Vor [&hellip;]<\/p>\n","protected":false},"author":6,"featured_media":0,"comment_status":"closed","ping_status":"closed","sticky":false,"template":"","format":"standard","meta":{"footnotes":""},"categories":[36],"tags":[],"class_list":["post-5015","post","type-post","status-publish","format-standard","hentry","category-36"],"_links":{"self":[{"href":"https:\/\/feuerwehr-nahe.de\/ffnahe\/wp-json\/wp\/v2\/posts\/5015","targetHints":{"allow":["GET"]}}],"collection":[{"href":"https:\/\/feuerwehr-nahe.de\/ffnahe\/wp-json\/wp\/v2\/posts"}],"about":[{"href":"https:\/\/feuerwehr-nahe.de\/ffnahe\/wp-json\/wp\/v2\/types\/post"}],"author":[{"embeddable":true,"href":"https:\/\/feuerwehr-nahe.de\/ffnahe\/wp-json\/wp\/v2\/users\/6"}],"replies":[{"embeddable":true,"href":"https:\/\/feuerwehr-nahe.de\/ffnahe\/wp-json\/wp\/v2\/comments?post=5015"}],"version-history":[{"count":1,"href":"https:\/\/feuerwehr-nahe.de\/ffnahe\/wp-json\/wp\/v2\/posts\/5015\/revisions"}],"predecessor-version":[{"id":5019,"href":"https:\/\/feuerwehr-nahe.de\/ffnahe\/wp-json\/wp\/v2\/posts\/5015\/revisions\/5019"}],"wp:attachment":[{"href":"https:\/\/feuerwehr-nahe.de\/ffnahe\/wp-json\/wp\/v2\/media?parent=5015"}],"wp:term":[{"taxonomy":"category","embeddable":true,"href":"https:\/\/feuerwehr-nahe.de\/ffnahe\/wp-json\/wp\/v2\/categories?post=5015"},{"taxonomy":"post_tag","embeddable":true,"href":"https:\/\/feuerwehr-nahe.de\/ffnahe\/wp-json\/wp\/v2\/tags?post=5015"}],"curies":[{"name":"wp","href":"https:\/\/api.w.org\/{rel}","templated":true}]}}