{"id":4603,"date":"2023-09-05T15:46:35","date_gmt":"2023-09-05T15:46:35","guid":{"rendered":"https:\/\/feuerwehr-nahe.de\/ffnahe\/?p=4603"},"modified":"2023-10-01T18:12:16","modified_gmt":"2023-10-01T18:12:16","slug":"einsatz-nr-42-03-09-2023-einsatzstichwort-feuer-klein","status":"publish","type":"post","link":"https:\/\/feuerwehr-nahe.de\/ffnahe\/einsatz-nr-42-03-09-2023-einsatzstichwort-feuer-klein\/","title":{"rendered":"Einsatz-Nr: 42<br\/>03.09.2023 Einsatzstichwort: Feuer klein"},"content":{"rendered":"<p>Einsatzzeit von 17:02 bis 17:30 Uhr<br \/>\nEinsatzkr\u00e4fte: FF Nahe<br \/>\nEinsatzort: Nahe, Torfredder im Bereich R\u00fcckhaltebecken<br \/>\nLage: Ein Baumstumpf brannte<br \/>\nDurch unbekannte Personen wurde im oberen Bereich ein M\u00fcllbeh\u00e4lter angez\u00fcndet. Dieser wurde von Anwohnern abgel\u00f6scht. Kurz darauf wurde ein Baumstumpf angez\u00fcndet und hier wurde die Feuerwehr verst\u00e4ndigt. Bei unserem Eintreffen waren nur noch kleine Glutnester zu erkennen. Diese wurde mit einer K\u00fcbelspritze abgel\u00f6scht.<\/p>\n","protected":false},"excerpt":{"rendered":"<p>Einsatzzeit von 17:02 bis 17:30 Uhr Einsatzkr\u00e4fte: FF Nahe Einsatzort: Nahe, Torfredder im Bereich R\u00fcckhaltebecken Lage: Ein Baumstumpf brannte Durch unbekannte Personen wurde im oberen Bereich ein M\u00fcllbeh\u00e4lter angez\u00fcndet. Dieser wurde von Anwohnern abgel\u00f6scht. Kurz darauf wurde ein Baumstumpf angez\u00fcndet und hier wurde die Feuerwehr verst\u00e4ndigt. Bei unserem Eintreffen waren nur noch kleine Glutnester zu [&hellip;]<\/p>\n","protected":false},"author":6,"featured_media":0,"comment_status":"closed","ping_status":"closed","sticky":false,"template":"","format":"standard","meta":{"footnotes":""},"categories":[30],"tags":[],"class_list":["post-4603","post","type-post","status-publish","format-standard","hentry","category-30"],"_links":{"self":[{"href":"https:\/\/feuerwehr-nahe.de\/ffnahe\/wp-json\/wp\/v2\/posts\/4603","targetHints":{"allow":["GET"]}}],"collection":[{"href":"https:\/\/feuerwehr-nahe.de\/ffnahe\/wp-json\/wp\/v2\/posts"}],"about":[{"href":"https:\/\/feuerwehr-nahe.de\/ffnahe\/wp-json\/wp\/v2\/types\/post"}],"author":[{"embeddable":true,"href":"https:\/\/feuerwehr-nahe.de\/ffnahe\/wp-json\/wp\/v2\/users\/6"}],"replies":[{"embeddable":true,"href":"https:\/\/feuerwehr-nahe.de\/ffnahe\/wp-json\/wp\/v2\/comments?post=4603"}],"version-history":[{"count":2,"href":"https:\/\/feuerwehr-nahe.de\/ffnahe\/wp-json\/wp\/v2\/posts\/4603\/revisions"}],"predecessor-version":[{"id":4618,"href":"https:\/\/feuerwehr-nahe.de\/ffnahe\/wp-json\/wp\/v2\/posts\/4603\/revisions\/4618"}],"wp:attachment":[{"href":"https:\/\/feuerwehr-nahe.de\/ffnahe\/wp-json\/wp\/v2\/media?parent=4603"}],"wp:term":[{"taxonomy":"category","embeddable":true,"href":"https:\/\/feuerwehr-nahe.de\/ffnahe\/wp-json\/wp\/v2\/categories?post=4603"},{"taxonomy":"post_tag","embeddable":true,"href":"https:\/\/feuerwehr-nahe.de\/ffnahe\/wp-json\/wp\/v2\/tags?post=4603"}],"curies":[{"name":"wp","href":"https:\/\/api.w.org\/{rel}","templated":true}]}}