{"id":4575,"date":"2023-07-11T12:05:55","date_gmt":"2023-07-11T12:05:55","guid":{"rendered":"https:\/\/feuerwehr-nahe.de\/ffnahe\/?p=4575"},"modified":"2023-07-25T15:58:39","modified_gmt":"2023-07-25T15:58:39","slug":"einsatz-nr-38-11-07-2023-einsatzstichwort-notfall-tuer-verschlossen","status":"publish","type":"post","link":"https:\/\/feuerwehr-nahe.de\/ffnahe\/einsatz-nr-38-11-07-2023-einsatzstichwort-notfall-tuer-verschlossen\/","title":{"rendered":"Einsatz-Nr: 38<br\/>11.07.2023 Einsatzstichwort: Notfall T\u00fcr verschlossen"},"content":{"rendered":"<p>Einsatzzeit von 12:58 bis 13:30 Uhr<br \/>\nEinsatzkr\u00e4fte: FF Nahe, FF Itzstedt<br \/>\nEinsatzort: Itzstedt, Kornbusch<br \/>\nLage: Person hinter verschlossener T\u00fcr und reagiert nicht auf Ansprache<br \/>\nEine Person befand sich in ihrer Wohnung und rief zun\u00e4chst um Hilfe. Danach war die Person nicht mehr Ansprechbar. Im Rahmen des Einsatzes erschien der Pflegedienst und konnte die T\u00fcr \u00f6ffnen. Die Person wurde vor Ort versorgt und weitere Ma\u00dfnahmen waren nicht erforderlich.<\/p>\n","protected":false},"excerpt":{"rendered":"<p>Einsatzzeit von 12:58 bis 13:30 Uhr Einsatzkr\u00e4fte: FF Nahe, FF Itzstedt Einsatzort: Itzstedt, Kornbusch Lage: Person hinter verschlossener T\u00fcr und reagiert nicht auf Ansprache Eine Person befand sich in ihrer Wohnung und rief zun\u00e4chst um Hilfe. Danach war die Person nicht mehr Ansprechbar. Im Rahmen des Einsatzes erschien der Pflegedienst und konnte die T\u00fcr \u00f6ffnen. [&hellip;]<\/p>\n","protected":false},"author":6,"featured_media":0,"comment_status":"closed","ping_status":"closed","sticky":false,"template":"","format":"standard","meta":{"footnotes":""},"categories":[30],"tags":[],"class_list":["post-4575","post","type-post","status-publish","format-standard","hentry","category-30"],"_links":{"self":[{"href":"https:\/\/feuerwehr-nahe.de\/ffnahe\/wp-json\/wp\/v2\/posts\/4575","targetHints":{"allow":["GET"]}}],"collection":[{"href":"https:\/\/feuerwehr-nahe.de\/ffnahe\/wp-json\/wp\/v2\/posts"}],"about":[{"href":"https:\/\/feuerwehr-nahe.de\/ffnahe\/wp-json\/wp\/v2\/types\/post"}],"author":[{"embeddable":true,"href":"https:\/\/feuerwehr-nahe.de\/ffnahe\/wp-json\/wp\/v2\/users\/6"}],"replies":[{"embeddable":true,"href":"https:\/\/feuerwehr-nahe.de\/ffnahe\/wp-json\/wp\/v2\/comments?post=4575"}],"version-history":[{"count":2,"href":"https:\/\/feuerwehr-nahe.de\/ffnahe\/wp-json\/wp\/v2\/posts\/4575\/revisions"}],"predecessor-version":[{"id":4580,"href":"https:\/\/feuerwehr-nahe.de\/ffnahe\/wp-json\/wp\/v2\/posts\/4575\/revisions\/4580"}],"wp:attachment":[{"href":"https:\/\/feuerwehr-nahe.de\/ffnahe\/wp-json\/wp\/v2\/media?parent=4575"}],"wp:term":[{"taxonomy":"category","embeddable":true,"href":"https:\/\/feuerwehr-nahe.de\/ffnahe\/wp-json\/wp\/v2\/categories?post=4575"},{"taxonomy":"post_tag","embeddable":true,"href":"https:\/\/feuerwehr-nahe.de\/ffnahe\/wp-json\/wp\/v2\/tags?post=4575"}],"curies":[{"name":"wp","href":"https:\/\/api.w.org\/{rel}","templated":true}]}}