{"id":4491,"date":"2023-06-23T15:32:11","date_gmt":"2023-06-23T15:32:11","guid":{"rendered":"https:\/\/feuerwehr-nahe.de\/ffnahe\/?p=4491"},"modified":"2023-07-25T17:14:36","modified_gmt":"2023-07-25T17:14:36","slug":"einsatz-nr-33-23-06-2023-einsatzstichwort-technische-hilfe-klein","status":"publish","type":"post","link":"https:\/\/feuerwehr-nahe.de\/ffnahe\/einsatz-nr-33-23-06-2023-einsatzstichwort-technische-hilfe-klein\/","title":{"rendered":"Einsatz-Nr: 33<br\/>23.06.2023 Einsatzstichwort: Technische Hilfe Klein"},"content":{"rendered":"<p>Einsatzzeit von 03:47 bis 04:04 Uhr<br \/>\nEinsatzkr\u00e4fte: FF Nahe<br \/>\nEinsatzort: Nahe, Im Busch<br \/>\nLage: Ast auf Fahrbahn<br \/>\nEin B\u00fcrger meldete einen Ast auf der Fahrbahn. Der Ast wurde von den Einsatzkr\u00e4ften von der Fahrbahn gezogen und am Rand gelagert.<\/p>\n","protected":false},"excerpt":{"rendered":"<p>Einsatzzeit von 03:47 bis 04:04 Uhr Einsatzkr\u00e4fte: FF Nahe Einsatzort: Nahe, Im Busch Lage: Ast auf Fahrbahn Ein B\u00fcrger meldete einen Ast auf der Fahrbahn. Der Ast wurde von den Einsatzkr\u00e4ften von der Fahrbahn gezogen und am Rand gelagert.<\/p>\n","protected":false},"author":6,"featured_media":0,"comment_status":"closed","ping_status":"closed","sticky":false,"template":"","format":"standard","meta":{"footnotes":""},"categories":[30],"tags":[],"class_list":["post-4491","post","type-post","status-publish","format-standard","hentry","category-30"],"_links":{"self":[{"href":"https:\/\/feuerwehr-nahe.de\/ffnahe\/wp-json\/wp\/v2\/posts\/4491","targetHints":{"allow":["GET"]}}],"collection":[{"href":"https:\/\/feuerwehr-nahe.de\/ffnahe\/wp-json\/wp\/v2\/posts"}],"about":[{"href":"https:\/\/feuerwehr-nahe.de\/ffnahe\/wp-json\/wp\/v2\/types\/post"}],"author":[{"embeddable":true,"href":"https:\/\/feuerwehr-nahe.de\/ffnahe\/wp-json\/wp\/v2\/users\/6"}],"replies":[{"embeddable":true,"href":"https:\/\/feuerwehr-nahe.de\/ffnahe\/wp-json\/wp\/v2\/comments?post=4491"}],"version-history":[{"count":5,"href":"https:\/\/feuerwehr-nahe.de\/ffnahe\/wp-json\/wp\/v2\/posts\/4491\/revisions"}],"predecessor-version":[{"id":4590,"href":"https:\/\/feuerwehr-nahe.de\/ffnahe\/wp-json\/wp\/v2\/posts\/4491\/revisions\/4590"}],"wp:attachment":[{"href":"https:\/\/feuerwehr-nahe.de\/ffnahe\/wp-json\/wp\/v2\/media?parent=4491"}],"wp:term":[{"taxonomy":"category","embeddable":true,"href":"https:\/\/feuerwehr-nahe.de\/ffnahe\/wp-json\/wp\/v2\/categories?post=4491"},{"taxonomy":"post_tag","embeddable":true,"href":"https:\/\/feuerwehr-nahe.de\/ffnahe\/wp-json\/wp\/v2\/tags?post=4491"}],"curies":[{"name":"wp","href":"https:\/\/api.w.org\/{rel}","templated":true}]}}