{"id":4485,"date":"2023-06-13T10:17:07","date_gmt":"2023-06-13T10:17:07","guid":{"rendered":"https:\/\/feuerwehr-nahe.de\/ffnahe\/?p=4485"},"modified":"2023-07-02T11:20:13","modified_gmt":"2023-07-02T11:20:13","slug":"einsatz-nr-31-13-06-2023-einsatzstichwort-feuer","status":"publish","type":"post","link":"https:\/\/feuerwehr-nahe.de\/ffnahe\/einsatz-nr-31-13-06-2023-einsatzstichwort-feuer\/","title":{"rendered":"Einsatz-Nr: 31<br\/>13.06.2023 Einsatzstichwort: Feuer"},"content":{"rendered":"<p>Einsatzzeit von 09:42 bis 10:00 Uhr<br \/>\nEinsatzkr\u00e4fte: FF Nahe, FF Itzstedt, FF Kayhude<br \/>\nEinsatzort: Itzstedt, Segeberger Stra\u00dfe<br \/>\nLage: Hecke brannte<br \/>\nAm Einsatzort geriet eine Hecke in Brand. Durch Anwohner konnte die Hecke gel\u00f6scht werden. Kein weiteres Eingreifen der Feuerwehr erforderlich.<\/p>\n","protected":false},"excerpt":{"rendered":"<p>Einsatzzeit von 09:42 bis 10:00 Uhr Einsatzkr\u00e4fte: FF Nahe, FF Itzstedt, FF Kayhude Einsatzort: Itzstedt, Segeberger Stra\u00dfe Lage: Hecke brannte Am Einsatzort geriet eine Hecke in Brand. Durch Anwohner konnte die Hecke gel\u00f6scht werden. Kein weiteres Eingreifen der Feuerwehr erforderlich.<\/p>\n","protected":false},"author":6,"featured_media":0,"comment_status":"closed","ping_status":"closed","sticky":false,"template":"","format":"standard","meta":{"footnotes":""},"categories":[30],"tags":[],"class_list":["post-4485","post","type-post","status-publish","format-standard","hentry","category-30"],"_links":{"self":[{"href":"https:\/\/feuerwehr-nahe.de\/ffnahe\/wp-json\/wp\/v2\/posts\/4485","targetHints":{"allow":["GET"]}}],"collection":[{"href":"https:\/\/feuerwehr-nahe.de\/ffnahe\/wp-json\/wp\/v2\/posts"}],"about":[{"href":"https:\/\/feuerwehr-nahe.de\/ffnahe\/wp-json\/wp\/v2\/types\/post"}],"author":[{"embeddable":true,"href":"https:\/\/feuerwehr-nahe.de\/ffnahe\/wp-json\/wp\/v2\/users\/6"}],"replies":[{"embeddable":true,"href":"https:\/\/feuerwehr-nahe.de\/ffnahe\/wp-json\/wp\/v2\/comments?post=4485"}],"version-history":[{"count":3,"href":"https:\/\/feuerwehr-nahe.de\/ffnahe\/wp-json\/wp\/v2\/posts\/4485\/revisions"}],"predecessor-version":[{"id":4515,"href":"https:\/\/feuerwehr-nahe.de\/ffnahe\/wp-json\/wp\/v2\/posts\/4485\/revisions\/4515"}],"wp:attachment":[{"href":"https:\/\/feuerwehr-nahe.de\/ffnahe\/wp-json\/wp\/v2\/media?parent=4485"}],"wp:term":[{"taxonomy":"category","embeddable":true,"href":"https:\/\/feuerwehr-nahe.de\/ffnahe\/wp-json\/wp\/v2\/categories?post=4485"},{"taxonomy":"post_tag","embeddable":true,"href":"https:\/\/feuerwehr-nahe.de\/ffnahe\/wp-json\/wp\/v2\/tags?post=4485"}],"curies":[{"name":"wp","href":"https:\/\/api.w.org\/{rel}","templated":true}]}}