{"id":3943,"date":"2022-08-14T22:01:00","date_gmt":"2022-08-14T22:01:00","guid":{"rendered":"https:\/\/feuerwehr-nahe.de\/ffnahe\/?p=3943"},"modified":"2022-11-27T13:38:25","modified_gmt":"2022-11-27T13:38:25","slug":"einsatz-nr-50-05-09-2022-feuer-gross-wald","status":"publish","type":"post","link":"https:\/\/feuerwehr-nahe.de\/ffnahe\/einsatz-nr-50-05-09-2022-feuer-gross-wald\/","title":{"rendered":"Einsatz-Nr: 50<br\/>13.08.2022 Feuer gro\u00df Wald"},"content":{"rendered":"<p>Einsatzzeit von 09:06 bis 14:30 Uhr<br \/>\nEinsatzkr\u00e4fte: FF Nahe ( 9. Feuerwehrbereitschaft)<br \/>\nEinsatzort: Segeberger Forst<br \/>\nLage: Unterst\u00fctzung mit der 9. Feuerwehrbereitschaft beim Waldbrandkonzept.<br \/>\nWir wurden mit diversen anderen Feuerwehr und Hilfsorginasationen aus den umliegenden Kreisen zu dem Waldbrandkonzept Segeberger Forst Alarmiert. Hierbei handelte es sich gl\u00fccklicher weise um eine gro\u00df angelegte Alarm\u00fcbung.<\/p>\n<p><a href=\"https:\/\/feuerwehr-nahe.de\/ffnahe\/wp-content\/uploads\/2022\/09\/IMG_7060.jpg\"><img loading=\"lazy\" decoding=\"async\" class=\"aligncenter wp-image-3944 size-large\" src=\"https:\/\/feuerwehr-nahe.de\/ffnahe\/wp-content\/uploads\/2022\/09\/IMG_7060-768x1024.jpg\" alt=\"\" width=\"720\" height=\"960\" srcset=\"https:\/\/feuerwehr-nahe.de\/ffnahe\/wp-content\/uploads\/2022\/09\/IMG_7060-768x1024.jpg 768w, https:\/\/feuerwehr-nahe.de\/ffnahe\/wp-content\/uploads\/2022\/09\/IMG_7060-225x300.jpg 225w, https:\/\/feuerwehr-nahe.de\/ffnahe\/wp-content\/uploads\/2022\/09\/IMG_7060-1152x1536.jpg 1152w, https:\/\/feuerwehr-nahe.de\/ffnahe\/wp-content\/uploads\/2022\/09\/IMG_7060.jpg 1536w\" sizes=\"auto, (max-width: 720px) 100vw, 720px\" \/><\/a><\/p>\n","protected":false},"excerpt":{"rendered":"<p>Einsatzzeit von 09:06 bis 14:30 Uhr Einsatzkr\u00e4fte: FF Nahe ( 9. Feuerwehrbereitschaft) Einsatzort: Segeberger Forst Lage: Unterst\u00fctzung mit der 9. Feuerwehrbereitschaft beim Waldbrandkonzept. Wir wurden mit diversen anderen Feuerwehr und Hilfsorginasationen aus den umliegenden Kreisen zu dem Waldbrandkonzept Segeberger Forst Alarmiert. Hierbei handelte es sich gl\u00fccklicher weise um eine gro\u00df angelegte Alarm\u00fcbung.<\/p>\n","protected":false},"author":2,"featured_media":0,"comment_status":"closed","ping_status":"closed","sticky":false,"template":"","format":"standard","meta":{"footnotes":""},"categories":[24],"tags":[],"class_list":["post-3943","post","type-post","status-publish","format-standard","hentry","category-24"],"_links":{"self":[{"href":"https:\/\/feuerwehr-nahe.de\/ffnahe\/wp-json\/wp\/v2\/posts\/3943","targetHints":{"allow":["GET"]}}],"collection":[{"href":"https:\/\/feuerwehr-nahe.de\/ffnahe\/wp-json\/wp\/v2\/posts"}],"about":[{"href":"https:\/\/feuerwehr-nahe.de\/ffnahe\/wp-json\/wp\/v2\/types\/post"}],"author":[{"embeddable":true,"href":"https:\/\/feuerwehr-nahe.de\/ffnahe\/wp-json\/wp\/v2\/users\/2"}],"replies":[{"embeddable":true,"href":"https:\/\/feuerwehr-nahe.de\/ffnahe\/wp-json\/wp\/v2\/comments?post=3943"}],"version-history":[{"count":3,"href":"https:\/\/feuerwehr-nahe.de\/ffnahe\/wp-json\/wp\/v2\/posts\/3943\/revisions"}],"predecessor-version":[{"id":3984,"href":"https:\/\/feuerwehr-nahe.de\/ffnahe\/wp-json\/wp\/v2\/posts\/3943\/revisions\/3984"}],"wp:attachment":[{"href":"https:\/\/feuerwehr-nahe.de\/ffnahe\/wp-json\/wp\/v2\/media?parent=3943"}],"wp:term":[{"taxonomy":"category","embeddable":true,"href":"https:\/\/feuerwehr-nahe.de\/ffnahe\/wp-json\/wp\/v2\/categories?post=3943"},{"taxonomy":"post_tag","embeddable":true,"href":"https:\/\/feuerwehr-nahe.de\/ffnahe\/wp-json\/wp\/v2\/tags?post=3943"}],"curies":[{"name":"wp","href":"https:\/\/api.w.org\/{rel}","templated":true}]}}