{"id":3875,"date":"2022-08-18T12:58:01","date_gmt":"2022-08-18T12:58:01","guid":{"rendered":"https:\/\/feuerwehr-nahe.de\/ffnahe\/?p=3875"},"modified":"2022-09-05T22:00:56","modified_gmt":"2022-09-05T22:00:56","slug":"einsatz-nr-51-18-08-2022-einsatzstichwort-technische-hilfe-standard","status":"publish","type":"post","link":"https:\/\/feuerwehr-nahe.de\/ffnahe\/einsatz-nr-51-18-08-2022-einsatzstichwort-technische-hilfe-standard\/","title":{"rendered":"Einsatz-Nr: 53<br\/>18.08.2022 Einsatzstichwort: Technische Hilfe Standard"},"content":{"rendered":"<p>Einsatzzeit von 07:44 bis 10:15 Uhr<br \/>\nEinsatzkr\u00e4fte: FF Nahe, FF Itzstedt<br \/>\nEinsatzort: Nahe, Im Siek<br \/>\nLage: Baum auf der Stra\u00dfe<br \/>\nVor Ort wurde festgestellt, dass eine gr\u00f6\u00dfere Eiche komplett zerst\u00f6rt wurde und in Teilen auf der Stra\u00dfe lag. Aufgrund der Menge an \u00c4sten und der Gr\u00f6\u00dfe der Einsatzstelle wurde die FF-Itzstedt zur Unterst\u00fctzung angefordert.<\/p>\n<p>Die Stra\u00dfe wurde unter den Einsatz von mehreren Motors\u00e4gen und eines privaten Treckers von den Baumresten befreit. Nach Abschluss der S\u00e4gearbeiten wurde die Einsatzstelle an die Gemeindearbeiter \u00fcbergeben. Die Stra\u00dfe musste f\u00fcr die S\u00e4gearbeiten und den anschlie\u00dfenden Reinigungsarbeiten gesperrt werden.<\/p>\n<div id='gallery-1' class='gallery galleryid-3875 gallery-columns-3 gallery-size-medium'><figure class='gallery-item'>\n\t\t\t<div class='gallery-icon landscape'>\n\t\t\t\t<a href='https:\/\/feuerwehr-nahe.de\/ffnahe\/einsatz-nr-51-18-08-2022-einsatzstichwort-technische-hilfe-standard\/image13-1\/'><img loading=\"lazy\" decoding=\"async\" width=\"300\" height=\"225\" src=\"https:\/\/feuerwehr-nahe.de\/ffnahe\/wp-content\/uploads\/2022\/08\/image13-1-300x225.jpeg\" class=\"attachment-medium size-medium\" alt=\"\" srcset=\"https:\/\/feuerwehr-nahe.de\/ffnahe\/wp-content\/uploads\/2022\/08\/image13-1-300x225.jpeg 300w, https:\/\/feuerwehr-nahe.de\/ffnahe\/wp-content\/uploads\/2022\/08\/image13-1.jpeg 640w\" sizes=\"auto, (max-width: 300px) 100vw, 300px\" \/><\/a>\n\t\t\t<\/div><\/figure><figure class='gallery-item'>\n\t\t\t<div class='gallery-icon landscape'>\n\t\t\t\t<a href='https:\/\/feuerwehr-nahe.de\/ffnahe\/einsatz-nr-51-18-08-2022-einsatzstichwort-technische-hilfe-standard\/image1\/'><img loading=\"lazy\" decoding=\"async\" width=\"300\" height=\"225\" src=\"https:\/\/feuerwehr-nahe.de\/ffnahe\/wp-content\/uploads\/2022\/08\/image1-300x225.jpeg\" class=\"attachment-medium size-medium\" alt=\"\" srcset=\"https:\/\/feuerwehr-nahe.de\/ffnahe\/wp-content\/uploads\/2022\/08\/image1-300x225.jpeg 300w, https:\/\/feuerwehr-nahe.de\/ffnahe\/wp-content\/uploads\/2022\/08\/image1.jpeg 640w\" sizes=\"auto, (max-width: 300px) 100vw, 300px\" \/><\/a>\n\t\t\t<\/div><\/figure><figure class='gallery-item'>\n\t\t\t<div class='gallery-icon landscape'>\n\t\t\t\t<a href='https:\/\/feuerwehr-nahe.de\/ffnahe\/einsatz-nr-51-18-08-2022-einsatzstichwort-technische-hilfe-standard\/image10\/'><img loading=\"lazy\" decoding=\"async\" width=\"300\" height=\"225\" src=\"https:\/\/feuerwehr-nahe.de\/ffnahe\/wp-content\/uploads\/2022\/08\/image10-300x225.jpeg\" class=\"attachment-medium size-medium\" alt=\"\" srcset=\"https:\/\/feuerwehr-nahe.de\/ffnahe\/wp-content\/uploads\/2022\/08\/image10-300x225.jpeg 300w, https:\/\/feuerwehr-nahe.de\/ffnahe\/wp-content\/uploads\/2022\/08\/image10.jpeg 640w\" sizes=\"auto, (max-width: 300px) 100vw, 300px\" \/><\/a>\n\t\t\t<\/div><\/figure><figure class='gallery-item'>\n\t\t\t<div class='gallery-icon landscape'>\n\t\t\t\t<a href='https:\/\/feuerwehr-nahe.de\/ffnahe\/einsatz-nr-51-18-08-2022-einsatzstichwort-technische-hilfe-standard\/image0\/'><img loading=\"lazy\" decoding=\"async\" width=\"300\" height=\"225\" src=\"https:\/\/feuerwehr-nahe.de\/ffnahe\/wp-content\/uploads\/2022\/08\/image0-300x225.jpeg\" class=\"attachment-medium size-medium\" alt=\"\" srcset=\"https:\/\/feuerwehr-nahe.de\/ffnahe\/wp-content\/uploads\/2022\/08\/image0-300x225.jpeg 300w, https:\/\/feuerwehr-nahe.de\/ffnahe\/wp-content\/uploads\/2022\/08\/image0.jpeg 640w\" sizes=\"auto, (max-width: 300px) 100vw, 300px\" \/><\/a>\n\t\t\t<\/div><\/figure><figure class='gallery-item'>\n\t\t\t<div class='gallery-icon landscape'>\n\t\t\t\t<a href='https:\/\/feuerwehr-nahe.de\/ffnahe\/einsatz-nr-51-18-08-2022-einsatzstichwort-technische-hilfe-standard\/image5\/'><img loading=\"lazy\" decoding=\"async\" width=\"300\" height=\"225\" src=\"https:\/\/feuerwehr-nahe.de\/ffnahe\/wp-content\/uploads\/2022\/08\/image5-300x225.jpeg\" class=\"attachment-medium size-medium\" alt=\"\" srcset=\"https:\/\/feuerwehr-nahe.de\/ffnahe\/wp-content\/uploads\/2022\/08\/image5-300x225.jpeg 300w, https:\/\/feuerwehr-nahe.de\/ffnahe\/wp-content\/uploads\/2022\/08\/image5.jpeg 640w\" sizes=\"auto, (max-width: 300px) 100vw, 300px\" \/><\/a>\n\t\t\t<\/div><\/figure><figure class='gallery-item'>\n\t\t\t<div class='gallery-icon landscape'>\n\t\t\t\t<a href='https:\/\/feuerwehr-nahe.de\/ffnahe\/einsatz-nr-51-18-08-2022-einsatzstichwort-technische-hilfe-standard\/image9\/'><img loading=\"lazy\" decoding=\"async\" width=\"300\" height=\"225\" src=\"https:\/\/feuerwehr-nahe.de\/ffnahe\/wp-content\/uploads\/2022\/08\/image9-300x225.jpeg\" class=\"attachment-medium size-medium\" alt=\"\" srcset=\"https:\/\/feuerwehr-nahe.de\/ffnahe\/wp-content\/uploads\/2022\/08\/image9-300x225.jpeg 300w, https:\/\/feuerwehr-nahe.de\/ffnahe\/wp-content\/uploads\/2022\/08\/image9.jpeg 640w\" sizes=\"auto, (max-width: 300px) 100vw, 300px\" \/><\/a>\n\t\t\t<\/div><\/figure><figure class='gallery-item'>\n\t\t\t<div class='gallery-icon landscape'>\n\t\t\t\t<a href='https:\/\/feuerwehr-nahe.de\/ffnahe\/einsatz-nr-51-18-08-2022-einsatzstichwort-technische-hilfe-standard\/image2\/'><img loading=\"lazy\" decoding=\"async\" width=\"300\" height=\"225\" src=\"https:\/\/feuerwehr-nahe.de\/ffnahe\/wp-content\/uploads\/2022\/08\/image2-300x225.jpeg\" class=\"attachment-medium size-medium\" alt=\"\" srcset=\"https:\/\/feuerwehr-nahe.de\/ffnahe\/wp-content\/uploads\/2022\/08\/image2-300x225.jpeg 300w, https:\/\/feuerwehr-nahe.de\/ffnahe\/wp-content\/uploads\/2022\/08\/image2.jpeg 640w\" sizes=\"auto, (max-width: 300px) 100vw, 300px\" \/><\/a>\n\t\t\t<\/div><\/figure>\n\t\t<\/div>\n\n","protected":false},"excerpt":{"rendered":"<p>Einsatzzeit von 07:44 bis 10:15 Uhr Einsatzkr\u00e4fte: FF Nahe, FF Itzstedt Einsatzort: Nahe, Im Siek Lage: Baum auf der Stra\u00dfe Vor Ort wurde festgestellt, dass eine gr\u00f6\u00dfere Eiche komplett zerst\u00f6rt wurde und in Teilen auf der Stra\u00dfe lag. Aufgrund der Menge an \u00c4sten und der Gr\u00f6\u00dfe der Einsatzstelle wurde die FF-Itzstedt zur Unterst\u00fctzung angefordert. Die [&hellip;]<\/p>\n","protected":false},"author":6,"featured_media":0,"comment_status":"closed","ping_status":"closed","sticky":false,"template":"","format":"standard","meta":{"footnotes":""},"categories":[24],"tags":[],"class_list":["post-3875","post","type-post","status-publish","format-standard","hentry","category-24"],"_links":{"self":[{"href":"https:\/\/feuerwehr-nahe.de\/ffnahe\/wp-json\/wp\/v2\/posts\/3875","targetHints":{"allow":["GET"]}}],"collection":[{"href":"https:\/\/feuerwehr-nahe.de\/ffnahe\/wp-json\/wp\/v2\/posts"}],"about":[{"href":"https:\/\/feuerwehr-nahe.de\/ffnahe\/wp-json\/wp\/v2\/types\/post"}],"author":[{"embeddable":true,"href":"https:\/\/feuerwehr-nahe.de\/ffnahe\/wp-json\/wp\/v2\/users\/6"}],"replies":[{"embeddable":true,"href":"https:\/\/feuerwehr-nahe.de\/ffnahe\/wp-json\/wp\/v2\/comments?post=3875"}],"version-history":[{"count":7,"href":"https:\/\/feuerwehr-nahe.de\/ffnahe\/wp-json\/wp\/v2\/posts\/3875\/revisions"}],"predecessor-version":[{"id":3938,"href":"https:\/\/feuerwehr-nahe.de\/ffnahe\/wp-json\/wp\/v2\/posts\/3875\/revisions\/3938"}],"wp:attachment":[{"href":"https:\/\/feuerwehr-nahe.de\/ffnahe\/wp-json\/wp\/v2\/media?parent=3875"}],"wp:term":[{"taxonomy":"category","embeddable":true,"href":"https:\/\/feuerwehr-nahe.de\/ffnahe\/wp-json\/wp\/v2\/categories?post=3875"},{"taxonomy":"post_tag","embeddable":true,"href":"https:\/\/feuerwehr-nahe.de\/ffnahe\/wp-json\/wp\/v2\/tags?post=3875"}],"curies":[{"name":"wp","href":"https:\/\/api.w.org\/{rel}","templated":true}]}}