{"id":329,"date":"2008-12-17T13:42:31","date_gmt":"2008-12-17T13:42:31","guid":{"rendered":"http:\/\/feuerwehr-nahe.de\/ffnahe\/?p=329"},"modified":"2015-08-06T15:02:04","modified_gmt":"2015-08-06T15:02:04","slug":"17-12-2008-tueroeffnung","status":"publish","type":"post","link":"https:\/\/feuerwehr-nahe.de\/ffnahe\/17-12-2008-tueroeffnung\/","title":{"rendered":"Einsatz-Nr: 24<br\/>17.12.2008 T\u00fcr\u00f6ffnung"},"content":{"rendered":"<p>Einsatzzeit von 16:55 bis 17:20 Uhr<\/p>\n<p>Einsatzkr\u00e4fte: FF Nahe<br \/>\nEinsatzort: Nahe Schwalbenweg<br \/>\nLage: Person war bewusstlos in der Wohnung, die T\u00fcr war verschlossen und wurde von der FF ge\u00f6ffnet.<\/p>\n","protected":false},"excerpt":{"rendered":"<p>Einsatzzeit von 16:55 bis 17:20 Uhr Einsatzkr\u00e4fte: FF Nahe Einsatzort: Nahe Schwalbenweg Lage: Person war bewusstlos in der Wohnung, die T\u00fcr war verschlossen und wurde von der FF ge\u00f6ffnet.<\/p>\n","protected":false},"author":2,"featured_media":0,"comment_status":"closed","ping_status":"closed","sticky":false,"template":"","format":"standard","meta":{"footnotes":""},"categories":[6],"tags":[],"class_list":["post-329","post","type-post","status-publish","format-standard","hentry","category-6"],"_links":{"self":[{"href":"https:\/\/feuerwehr-nahe.de\/ffnahe\/wp-json\/wp\/v2\/posts\/329","targetHints":{"allow":["GET"]}}],"collection":[{"href":"https:\/\/feuerwehr-nahe.de\/ffnahe\/wp-json\/wp\/v2\/posts"}],"about":[{"href":"https:\/\/feuerwehr-nahe.de\/ffnahe\/wp-json\/wp\/v2\/types\/post"}],"author":[{"embeddable":true,"href":"https:\/\/feuerwehr-nahe.de\/ffnahe\/wp-json\/wp\/v2\/users\/2"}],"replies":[{"embeddable":true,"href":"https:\/\/feuerwehr-nahe.de\/ffnahe\/wp-json\/wp\/v2\/comments?post=329"}],"version-history":[{"count":2,"href":"https:\/\/feuerwehr-nahe.de\/ffnahe\/wp-json\/wp\/v2\/posts\/329\/revisions"}],"predecessor-version":[{"id":1305,"href":"https:\/\/feuerwehr-nahe.de\/ffnahe\/wp-json\/wp\/v2\/posts\/329\/revisions\/1305"}],"wp:attachment":[{"href":"https:\/\/feuerwehr-nahe.de\/ffnahe\/wp-json\/wp\/v2\/media?parent=329"}],"wp:term":[{"taxonomy":"category","embeddable":true,"href":"https:\/\/feuerwehr-nahe.de\/ffnahe\/wp-json\/wp\/v2\/categories?post=329"},{"taxonomy":"post_tag","embeddable":true,"href":"https:\/\/feuerwehr-nahe.de\/ffnahe\/wp-json\/wp\/v2\/tags?post=329"}],"curies":[{"name":"wp","href":"https:\/\/api.w.org\/{rel}","templated":true}]}}