{"id":3204,"date":"2020-08-29T10:56:41","date_gmt":"2020-08-29T10:56:41","guid":{"rendered":"http:\/\/feuerwehr-nahe.de\/ffnahe\/?p=3204"},"modified":"2020-09-27T10:04:28","modified_gmt":"2020-09-27T10:04:28","slug":"einsatz-nr-2825-08-2020-einsatzstichwort-vu-pkl-oering","status":"publish","type":"post","link":"https:\/\/feuerwehr-nahe.de\/ffnahe\/einsatz-nr-2825-08-2020-einsatzstichwort-vu-pkl-oering\/","title":{"rendered":"Einsatz-Nr: 28<br\/>25.08.2020 Einsatzstichwort: VU PKL Oering"},"content":{"rendered":"<p>Einsatzzeit von 10:10 Uhr bis 10:30 Uhr<br \/>\nEinsatzkr\u00e4fte: FF Nahe, FF Itzstedt, FF Oering und FF S\u00fclfeld<br \/>\nEinsatzort: Oering, Oeringer Damm Richtung Sieversh\u00fctten<br \/>\nLage: Verkehrsunfall Person klemmt.<br \/>\nKurz vor dem Eintreffen an der Einsatzstelle kam ein Abspannen, die FF Nahe musste nicht mehr Unterst\u00fctzen, da der Patient schon frei war und vom Rettungsdienst versorgt wurde.<\/p>\n","protected":false},"excerpt":{"rendered":"<p>Einsatzzeit von 10:10 Uhr bis 10:30 Uhr Einsatzkr\u00e4fte: FF Nahe, FF Itzstedt, FF Oering und FF S\u00fclfeld Einsatzort: Oering, Oeringer Damm Richtung Sieversh\u00fctten Lage: Verkehrsunfall Person klemmt. Kurz vor dem Eintreffen an der Einsatzstelle kam ein Abspannen, die FF Nahe musste nicht mehr Unterst\u00fctzen, da der Patient schon frei war und vom Rettungsdienst versorgt wurde.<\/p>\n","protected":false},"author":2,"featured_media":0,"comment_status":"closed","ping_status":"closed","sticky":false,"template":"","format":"standard","meta":{"footnotes":""},"categories":[22],"tags":[],"class_list":["post-3204","post","type-post","status-publish","format-standard","hentry","category-22"],"_links":{"self":[{"href":"https:\/\/feuerwehr-nahe.de\/ffnahe\/wp-json\/wp\/v2\/posts\/3204","targetHints":{"allow":["GET"]}}],"collection":[{"href":"https:\/\/feuerwehr-nahe.de\/ffnahe\/wp-json\/wp\/v2\/posts"}],"about":[{"href":"https:\/\/feuerwehr-nahe.de\/ffnahe\/wp-json\/wp\/v2\/types\/post"}],"author":[{"embeddable":true,"href":"https:\/\/feuerwehr-nahe.de\/ffnahe\/wp-json\/wp\/v2\/users\/2"}],"replies":[{"embeddable":true,"href":"https:\/\/feuerwehr-nahe.de\/ffnahe\/wp-json\/wp\/v2\/comments?post=3204"}],"version-history":[{"count":3,"href":"https:\/\/feuerwehr-nahe.de\/ffnahe\/wp-json\/wp\/v2\/posts\/3204\/revisions"}],"predecessor-version":[{"id":3213,"href":"https:\/\/feuerwehr-nahe.de\/ffnahe\/wp-json\/wp\/v2\/posts\/3204\/revisions\/3213"}],"wp:attachment":[{"href":"https:\/\/feuerwehr-nahe.de\/ffnahe\/wp-json\/wp\/v2\/media?parent=3204"}],"wp:term":[{"taxonomy":"category","embeddable":true,"href":"https:\/\/feuerwehr-nahe.de\/ffnahe\/wp-json\/wp\/v2\/categories?post=3204"},{"taxonomy":"post_tag","embeddable":true,"href":"https:\/\/feuerwehr-nahe.de\/ffnahe\/wp-json\/wp\/v2\/tags?post=3204"}],"curies":[{"name":"wp","href":"https:\/\/api.w.org\/{rel}","templated":true}]}}