{"id":3163,"date":"2020-03-21T14:56:12","date_gmt":"2020-03-21T14:56:12","guid":{"rendered":"http:\/\/feuerwehr-nahe.de\/ffnahe\/?p=3163"},"modified":"2020-03-21T14:57:05","modified_gmt":"2020-03-21T14:57:05","slug":"einsatz-nr-1916-03-2020-einsatzstichwort-feuer-mittel","status":"publish","type":"post","link":"https:\/\/feuerwehr-nahe.de\/ffnahe\/einsatz-nr-1916-03-2020-einsatzstichwort-feuer-mittel\/","title":{"rendered":"Einsatz-Nr: 19<br\/>16.03.2020 Einsatzstichwort: Feuer mittel"},"content":{"rendered":"<p>Einsatzzeit von 17:39 bis 21:00 Uhr<br \/>\nEinsatzkr\u00e4fte: FF Nahe, Wakendorf II, FF Wilstedt<br \/>\nEinsatzort: Wakendorf II, Speckelweg<br \/>\nLage: Brennt geheckseltes Stroh<br \/>\nNeben einem G\u00fcllebeh\u00e4lter entz\u00fcndete sich aus bislang ungelkl\u00e4rter Ursache ein Haufen geheckseltes Stroh und Reifen, die dort gelagert waren. Diese wurden durch die Einsatzkr\u00e4fte unter Atemschutz auseinandergezogen und abgel\u00f6scht. Da die Flammen auf den Inhalt des\u00a0 G\u00fcllebeh\u00e4lters \u00fcbergegriffen haben, mu\u00dfte dieser ebenfalls abgel\u00f6scht werden.<\/p>\n","protected":false},"excerpt":{"rendered":"<p>Einsatzzeit von 17:39 bis 21:00 Uhr Einsatzkr\u00e4fte: FF Nahe, Wakendorf II, FF Wilstedt Einsatzort: Wakendorf II, Speckelweg Lage: Brennt geheckseltes Stroh Neben einem G\u00fcllebeh\u00e4lter entz\u00fcndete sich aus bislang ungelkl\u00e4rter Ursache ein Haufen geheckseltes Stroh und Reifen, die dort gelagert waren. Diese wurden durch die Einsatzkr\u00e4fte unter Atemschutz auseinandergezogen und abgel\u00f6scht. Da die Flammen auf den [&hellip;]<\/p>\n","protected":false},"author":2,"featured_media":0,"comment_status":"closed","ping_status":"closed","sticky":false,"template":"","format":"standard","meta":{"footnotes":""},"categories":[22],"tags":[],"class_list":["post-3163","post","type-post","status-publish","format-standard","hentry","category-22"],"_links":{"self":[{"href":"https:\/\/feuerwehr-nahe.de\/ffnahe\/wp-json\/wp\/v2\/posts\/3163","targetHints":{"allow":["GET"]}}],"collection":[{"href":"https:\/\/feuerwehr-nahe.de\/ffnahe\/wp-json\/wp\/v2\/posts"}],"about":[{"href":"https:\/\/feuerwehr-nahe.de\/ffnahe\/wp-json\/wp\/v2\/types\/post"}],"author":[{"embeddable":true,"href":"https:\/\/feuerwehr-nahe.de\/ffnahe\/wp-json\/wp\/v2\/users\/2"}],"replies":[{"embeddable":true,"href":"https:\/\/feuerwehr-nahe.de\/ffnahe\/wp-json\/wp\/v2\/comments?post=3163"}],"version-history":[{"count":2,"href":"https:\/\/feuerwehr-nahe.de\/ffnahe\/wp-json\/wp\/v2\/posts\/3163\/revisions"}],"predecessor-version":[{"id":3167,"href":"https:\/\/feuerwehr-nahe.de\/ffnahe\/wp-json\/wp\/v2\/posts\/3163\/revisions\/3167"}],"wp:attachment":[{"href":"https:\/\/feuerwehr-nahe.de\/ffnahe\/wp-json\/wp\/v2\/media?parent=3163"}],"wp:term":[{"taxonomy":"category","embeddable":true,"href":"https:\/\/feuerwehr-nahe.de\/ffnahe\/wp-json\/wp\/v2\/categories?post=3163"},{"taxonomy":"post_tag","embeddable":true,"href":"https:\/\/feuerwehr-nahe.de\/ffnahe\/wp-json\/wp\/v2\/tags?post=3163"}],"curies":[{"name":"wp","href":"https:\/\/api.w.org\/{rel}","templated":true}]}}