{"id":3148,"date":"2020-02-29T11:50:44","date_gmt":"2020-02-29T11:50:44","guid":{"rendered":"http:\/\/feuerwehr-nahe.de\/ffnahe\/?p=3148"},"modified":"2020-02-29T11:50:44","modified_gmt":"2020-02-29T11:50:44","slug":"einsatz-nr-1624-02-2020-einsatzstichwort-verkehrsunfall-person-klemmt","status":"publish","type":"post","link":"https:\/\/feuerwehr-nahe.de\/ffnahe\/einsatz-nr-1624-02-2020-einsatzstichwort-verkehrsunfall-person-klemmt\/","title":{"rendered":"Einsatz-Nr: 16<br\/>24.02.2020 Einsatzstichwort: Verkehrsunfall, Person klemmt."},"content":{"rendered":"<p>Einsatzzeit von 18:57 bis 19:15 Uhr<br \/>\nEinsatzkr\u00e4fte: FF Nahe, FF Itzstedt<br \/>\nEinsatzort: Itzstedt, Segeberger Stra\u00dfe<br \/>\nLage: Verkehrsunfall, Person im Fahrzeug eingeklemmt.<br \/>\n\u00dcber die Leitstelle wurde die FF-Nahe mit zum Einsatz, in der Gemeinde Itzstedt, gerufen. Auf der Anfahrt wurde durch den Einsatzleiter der FF-Itzstedt mitgeteilt, dass die Person aus dem Fahrzeug befreit werden konnte. Ein weitere Unters\u00fctzung war somit nicht erforderlich und die FF-Nahe konnte wieder einr\u00fccken.<\/p>\n","protected":false},"excerpt":{"rendered":"<p>Einsatzzeit von 18:57 bis 19:15 Uhr Einsatzkr\u00e4fte: FF Nahe, FF Itzstedt Einsatzort: Itzstedt, Segeberger Stra\u00dfe Lage: Verkehrsunfall, Person im Fahrzeug eingeklemmt. \u00dcber die Leitstelle wurde die FF-Nahe mit zum Einsatz, in der Gemeinde Itzstedt, gerufen. Auf der Anfahrt wurde durch den Einsatzleiter der FF-Itzstedt mitgeteilt, dass die Person aus dem Fahrzeug befreit werden konnte. Ein [&hellip;]<\/p>\n","protected":false},"author":6,"featured_media":0,"comment_status":"closed","ping_status":"closed","sticky":false,"template":"","format":"standard","meta":{"footnotes":""},"categories":[22],"tags":[],"class_list":["post-3148","post","type-post","status-publish","format-standard","hentry","category-22"],"_links":{"self":[{"href":"https:\/\/feuerwehr-nahe.de\/ffnahe\/wp-json\/wp\/v2\/posts\/3148","targetHints":{"allow":["GET"]}}],"collection":[{"href":"https:\/\/feuerwehr-nahe.de\/ffnahe\/wp-json\/wp\/v2\/posts"}],"about":[{"href":"https:\/\/feuerwehr-nahe.de\/ffnahe\/wp-json\/wp\/v2\/types\/post"}],"author":[{"embeddable":true,"href":"https:\/\/feuerwehr-nahe.de\/ffnahe\/wp-json\/wp\/v2\/users\/6"}],"replies":[{"embeddable":true,"href":"https:\/\/feuerwehr-nahe.de\/ffnahe\/wp-json\/wp\/v2\/comments?post=3148"}],"version-history":[{"count":1,"href":"https:\/\/feuerwehr-nahe.de\/ffnahe\/wp-json\/wp\/v2\/posts\/3148\/revisions"}],"predecessor-version":[{"id":3149,"href":"https:\/\/feuerwehr-nahe.de\/ffnahe\/wp-json\/wp\/v2\/posts\/3148\/revisions\/3149"}],"wp:attachment":[{"href":"https:\/\/feuerwehr-nahe.de\/ffnahe\/wp-json\/wp\/v2\/media?parent=3148"}],"wp:term":[{"taxonomy":"category","embeddable":true,"href":"https:\/\/feuerwehr-nahe.de\/ffnahe\/wp-json\/wp\/v2\/categories?post=3148"},{"taxonomy":"post_tag","embeddable":true,"href":"https:\/\/feuerwehr-nahe.de\/ffnahe\/wp-json\/wp\/v2\/tags?post=3148"}],"curies":[{"name":"wp","href":"https:\/\/api.w.org\/{rel}","templated":true}]}}