{"id":1945,"date":"2016-11-06T04:34:49","date_gmt":"2016-11-06T04:34:49","guid":{"rendered":"http:\/\/feuerwehr-nahe.de\/ffnahe\/?p=1945"},"modified":"2016-11-06T04:38:53","modified_gmt":"2016-11-06T04:38:53","slug":"einsatz-nr-3706-11-2016-technische-hilfe-klein-unklare-lage","status":"publish","type":"post","link":"https:\/\/feuerwehr-nahe.de\/ffnahe\/einsatz-nr-3706-11-2016-technische-hilfe-klein-unklare-lage\/","title":{"rendered":"Einsatz-Nr: 37<br\/>06.11.2016 Technische Hilfe klein, unklare Lage"},"content":{"rendered":"<p>Einsatzzeit von 02:57 bis 03:50 Uhr<br \/>\nEinsatzkr\u00e4fte: FF Nahe<br \/>\nEinsatzort: Nahe, Dorfstra\u00dfe<br \/>\nLage: PKW im Graben und Person noch im Fahrzeug.<br \/>\nAus bislang ungekl\u00e4rter Ursache ist ein PKW von der Stra\u00dfe ab- und im angrenzenden Graben zum Stehen gekommen. Die Einsatzstelle wurde ausgeleuchtet und erkundet. Der Fahrer des PKW wurde vom Rettungsdienst betreut. Da nicht sicher war, ob sich der Fahrer alleine im Fahrzeug befunden hat, wurde die Umgebung nach weiteren Personen abgesucht. Da keine weiteren Personen gefunden wurden, \u00a0konnte der Einsatz beendet werden.<a href=\"https:\/\/feuerwehr-nahe.de\/ffnahe\/wp-content\/uploads\/2016\/11\/IMG_3827.jpg\"><img loading=\"lazy\" decoding=\"async\" class=\"aligncenter wp-image-1947 size-medium\" src=\"https:\/\/feuerwehr-nahe.de\/ffnahe\/wp-content\/uploads\/2016\/11\/IMG_3827-e1478407052620-225x300.jpg\" alt=\"img_3827\" width=\"225\" height=\"300\" srcset=\"https:\/\/feuerwehr-nahe.de\/ffnahe\/wp-content\/uploads\/2016\/11\/IMG_3827-e1478407052620-225x300.jpg 225w, https:\/\/feuerwehr-nahe.de\/ffnahe\/wp-content\/uploads\/2016\/11\/IMG_3827-e1478407052620-768x1024.jpg 768w\" sizes=\"auto, (max-width: 225px) 100vw, 225px\" \/><\/a><\/p>\n","protected":false},"excerpt":{"rendered":"<p>Einsatzzeit von 02:57 bis 03:50 Uhr Einsatzkr\u00e4fte: FF Nahe Einsatzort: Nahe, Dorfstra\u00dfe Lage: PKW im Graben und Person noch im Fahrzeug. Aus bislang ungekl\u00e4rter Ursache ist ein PKW von der Stra\u00dfe ab- und im angrenzenden Graben zum Stehen gekommen. Die Einsatzstelle wurde ausgeleuchtet und erkundet. Der Fahrer des PKW wurde vom Rettungsdienst betreut. Da nicht [&hellip;]<\/p>\n","protected":false},"author":2,"featured_media":0,"comment_status":"closed","ping_status":"closed","sticky":false,"template":"","format":"standard","meta":{"footnotes":""},"categories":[16],"tags":[],"class_list":["post-1945","post","type-post","status-publish","format-standard","hentry","category-16"],"_links":{"self":[{"href":"https:\/\/feuerwehr-nahe.de\/ffnahe\/wp-json\/wp\/v2\/posts\/1945","targetHints":{"allow":["GET"]}}],"collection":[{"href":"https:\/\/feuerwehr-nahe.de\/ffnahe\/wp-json\/wp\/v2\/posts"}],"about":[{"href":"https:\/\/feuerwehr-nahe.de\/ffnahe\/wp-json\/wp\/v2\/types\/post"}],"author":[{"embeddable":true,"href":"https:\/\/feuerwehr-nahe.de\/ffnahe\/wp-json\/wp\/v2\/users\/2"}],"replies":[{"embeddable":true,"href":"https:\/\/feuerwehr-nahe.de\/ffnahe\/wp-json\/wp\/v2\/comments?post=1945"}],"version-history":[{"count":4,"href":"https:\/\/feuerwehr-nahe.de\/ffnahe\/wp-json\/wp\/v2\/posts\/1945\/revisions"}],"predecessor-version":[{"id":1950,"href":"https:\/\/feuerwehr-nahe.de\/ffnahe\/wp-json\/wp\/v2\/posts\/1945\/revisions\/1950"}],"wp:attachment":[{"href":"https:\/\/feuerwehr-nahe.de\/ffnahe\/wp-json\/wp\/v2\/media?parent=1945"}],"wp:term":[{"taxonomy":"category","embeddable":true,"href":"https:\/\/feuerwehr-nahe.de\/ffnahe\/wp-json\/wp\/v2\/categories?post=1945"},{"taxonomy":"post_tag","embeddable":true,"href":"https:\/\/feuerwehr-nahe.de\/ffnahe\/wp-json\/wp\/v2\/tags?post=1945"}],"curies":[{"name":"wp","href":"https:\/\/api.w.org\/{rel}","templated":true}]}}