{"id":1882,"date":"2016-09-02T16:24:52","date_gmt":"2016-09-02T16:24:52","guid":{"rendered":"http:\/\/feuerwehr-nahe.de\/ffnahe\/?p=1882"},"modified":"2016-09-04T11:30:00","modified_gmt":"2016-09-04T11:30:00","slug":"einsatz-nr-3002-09-2016-verkehrsunfall-person-klemmt","status":"publish","type":"post","link":"https:\/\/feuerwehr-nahe.de\/ffnahe\/einsatz-nr-3002-09-2016-verkehrsunfall-person-klemmt\/","title":{"rendered":"Einsatz-Nr: 30<br\/>02.09.2016 Verkehrsunfall, Person klemmt"},"content":{"rendered":"<p>Einsatzzeit von 10:47 bis 11:33\u00a0Uhr<br \/>\nEinsatzkr\u00e4fte: FF Nahe, FF Itzstedt, FF\u00a0S\u00fclfeld, FF Oering<br \/>\nEinsatzort:\u00a0B 432 Nahe Richtung Kayhude<br \/>\nLage:\u00a0Nach Verkehrsunfall klemmt Person<br \/>\nGemeldet war: Verkehrsunfall Person Klemmt, Itzstedt Richtung Nahe. Worauf hin die Einsatzkr\u00e4fte die Unfallstelle in Richtung Itzstedt suchten. Es gab hier keine Feststellungen. Die Einsatzstelle befand sich auf der B 432 zwischen Nahe und Kayhude. Ein PKW-Fahrer verlor aus unbekannter Ursache die Kontrolle \u00fcber sein Fahrzeug, geriet nach rechts von der Fahrbahn ab, schleuderte dann nach links, \u00dcberschlug sich dabei und kam anschlie\u00dfend im gegen\u00fcberliegenden Graben zum Stehen. Der Fahrer wurde dabei zum Gl\u00fcck nicht eingeklemmt und konnte leicht verletzt an den Rettungsdienst \u00fcbergeben werden. Die Unfallstelle wurde gesichert und kurzzeitig voll gesperrt. Nach kurzer Zeit wurde der Verkehr von der Polizei einspurig an der Unfallstelle vorbeigeleitet. F\u00fcr die mit Alarmierten Einsatzkr\u00e4fte konnte rasch ein Abspannen gegeben werden, so dass sie wieder einr\u00fccken konnten.<\/p>\n<div id='gallery-1' class='gallery galleryid-1882 gallery-columns-3 gallery-size-medium'><figure class='gallery-item'>\n\t\t\t<div class='gallery-icon landscape'>\n\t\t\t\t<a href='https:\/\/feuerwehr-nahe.de\/ffnahe\/einsatz-nr-3002-09-2016-verkehrsunfall-person-klemmt\/img_3501\/'><img loading=\"lazy\" decoding=\"async\" width=\"300\" height=\"225\" src=\"https:\/\/feuerwehr-nahe.de\/ffnahe\/wp-content\/uploads\/2016\/09\/IMG_3501-300x225.jpg\" class=\"attachment-medium size-medium\" alt=\"\" srcset=\"https:\/\/feuerwehr-nahe.de\/ffnahe\/wp-content\/uploads\/2016\/09\/IMG_3501-300x225.jpg 300w, https:\/\/feuerwehr-nahe.de\/ffnahe\/wp-content\/uploads\/2016\/09\/IMG_3501-768x576.jpg 768w, https:\/\/feuerwehr-nahe.de\/ffnahe\/wp-content\/uploads\/2016\/09\/IMG_3501-1024x768.jpg 1024w, https:\/\/feuerwehr-nahe.de\/ffnahe\/wp-content\/uploads\/2016\/09\/IMG_3501.jpg 1600w\" sizes=\"auto, (max-width: 300px) 100vw, 300px\" \/><\/a>\n\t\t\t<\/div><\/figure><figure class='gallery-item'>\n\t\t\t<div class='gallery-icon landscape'>\n\t\t\t\t<a href='https:\/\/feuerwehr-nahe.de\/ffnahe\/einsatz-nr-3002-09-2016-verkehrsunfall-person-klemmt\/unbenannt-1-3\/'><img loading=\"lazy\" decoding=\"async\" width=\"300\" height=\"233\" src=\"https:\/\/feuerwehr-nahe.de\/ffnahe\/wp-content\/uploads\/2016\/09\/Unbenannt-1-300x233.jpg\" class=\"attachment-medium size-medium\" alt=\"\" srcset=\"https:\/\/feuerwehr-nahe.de\/ffnahe\/wp-content\/uploads\/2016\/09\/Unbenannt-1-300x233.jpg 300w, https:\/\/feuerwehr-nahe.de\/ffnahe\/wp-content\/uploads\/2016\/09\/Unbenannt-1-768x597.jpg 768w, https:\/\/feuerwehr-nahe.de\/ffnahe\/wp-content\/uploads\/2016\/09\/Unbenannt-1-1024x795.jpg 1024w, https:\/\/feuerwehr-nahe.de\/ffnahe\/wp-content\/uploads\/2016\/09\/Unbenannt-1.jpg 1286w\" sizes=\"auto, (max-width: 300px) 100vw, 300px\" \/><\/a>\n\t\t\t<\/div><\/figure><figure class='gallery-item'>\n\t\t\t<div class='gallery-icon landscape'>\n\t\t\t\t<a href='https:\/\/feuerwehr-nahe.de\/ffnahe\/einsatz-nr-3002-09-2016-verkehrsunfall-person-klemmt\/img_3500\/'><img loading=\"lazy\" decoding=\"async\" width=\"300\" height=\"225\" src=\"https:\/\/feuerwehr-nahe.de\/ffnahe\/wp-content\/uploads\/2016\/09\/IMG_3500-300x225.jpg\" class=\"attachment-medium size-medium\" alt=\"\" srcset=\"https:\/\/feuerwehr-nahe.de\/ffnahe\/wp-content\/uploads\/2016\/09\/IMG_3500-300x225.jpg 300w, https:\/\/feuerwehr-nahe.de\/ffnahe\/wp-content\/uploads\/2016\/09\/IMG_3500-768x576.jpg 768w, https:\/\/feuerwehr-nahe.de\/ffnahe\/wp-content\/uploads\/2016\/09\/IMG_3500-1024x768.jpg 1024w, https:\/\/feuerwehr-nahe.de\/ffnahe\/wp-content\/uploads\/2016\/09\/IMG_3500.jpg 1600w\" sizes=\"auto, (max-width: 300px) 100vw, 300px\" \/><\/a>\n\t\t\t<\/div><\/figure>\n\t\t<\/div>\n\n","protected":false},"excerpt":{"rendered":"<p>Einsatzzeit von 10:47 bis 11:33\u00a0Uhr Einsatzkr\u00e4fte: FF Nahe, FF Itzstedt, FF\u00a0S\u00fclfeld, FF Oering Einsatzort:\u00a0B 432 Nahe Richtung Kayhude Lage:\u00a0Nach Verkehrsunfall klemmt Person Gemeldet war: Verkehrsunfall Person Klemmt, Itzstedt Richtung Nahe. Worauf hin die Einsatzkr\u00e4fte die Unfallstelle in Richtung Itzstedt suchten. Es gab hier keine Feststellungen. Die Einsatzstelle befand sich auf der B 432 zwischen Nahe [&hellip;]<\/p>\n","protected":false},"author":6,"featured_media":0,"comment_status":"closed","ping_status":"closed","sticky":false,"template":"","format":"standard","meta":{"footnotes":""},"categories":[16],"tags":[],"class_list":["post-1882","post","type-post","status-publish","format-standard","hentry","category-16"],"_links":{"self":[{"href":"https:\/\/feuerwehr-nahe.de\/ffnahe\/wp-json\/wp\/v2\/posts\/1882","targetHints":{"allow":["GET"]}}],"collection":[{"href":"https:\/\/feuerwehr-nahe.de\/ffnahe\/wp-json\/wp\/v2\/posts"}],"about":[{"href":"https:\/\/feuerwehr-nahe.de\/ffnahe\/wp-json\/wp\/v2\/types\/post"}],"author":[{"embeddable":true,"href":"https:\/\/feuerwehr-nahe.de\/ffnahe\/wp-json\/wp\/v2\/users\/6"}],"replies":[{"embeddable":true,"href":"https:\/\/feuerwehr-nahe.de\/ffnahe\/wp-json\/wp\/v2\/comments?post=1882"}],"version-history":[{"count":9,"href":"https:\/\/feuerwehr-nahe.de\/ffnahe\/wp-json\/wp\/v2\/posts\/1882\/revisions"}],"predecessor-version":[{"id":1904,"href":"https:\/\/feuerwehr-nahe.de\/ffnahe\/wp-json\/wp\/v2\/posts\/1882\/revisions\/1904"}],"wp:attachment":[{"href":"https:\/\/feuerwehr-nahe.de\/ffnahe\/wp-json\/wp\/v2\/media?parent=1882"}],"wp:term":[{"taxonomy":"category","embeddable":true,"href":"https:\/\/feuerwehr-nahe.de\/ffnahe\/wp-json\/wp\/v2\/categories?post=1882"},{"taxonomy":"post_tag","embeddable":true,"href":"https:\/\/feuerwehr-nahe.de\/ffnahe\/wp-json\/wp\/v2\/tags?post=1882"}],"curies":[{"name":"wp","href":"https:\/\/api.w.org\/{rel}","templated":true}]}}