{"id":1852,"date":"2016-08-19T13:04:32","date_gmt":"2016-08-19T13:04:32","guid":{"rendered":"http:\/\/feuerwehr-nahe.de\/ffnahe\/?p=1852"},"modified":"2016-08-23T21:03:37","modified_gmt":"2016-08-23T21:03:37","slug":"einsatz-nr-2618-08-2016-verkehrsunfalllkw-umgekippt","status":"publish","type":"post","link":"https:\/\/feuerwehr-nahe.de\/ffnahe\/einsatz-nr-2618-08-2016-verkehrsunfalllkw-umgekippt\/","title":{"rendered":"Einsatz-Nr: 26<br\/>18.08.2016 Verkehrsunfall,LKW umgekippt"},"content":{"rendered":"<p>Einsatzzeit von 13:53\u00a0bis 17:40 Uhr\u00a0Uhr<br \/>\nEinsatzkr\u00e4fte: FF Nahe<br \/>\nEinsatzort: Nahe,\u00a0B 432, Segeberger Stra\u00dfe\/L\u00fcttmoor<br \/>\nLage:<\/p>\n<p>Aus zurzeit unbekannter Ursache geriet der LKW nach rechts auf den Gehweg, fuhr dann auf den Wall und streifte schlie\u00dflich einen Baum, der auf dem Wall stand. Durch die Wucht des Aufpralls und der Schr\u00e4glage kippte der LKW auf die linke Seite. Die Ladung, welche sich in der Mulde befand, ergoss sich auf die Bundesstra\u00dfe. Bei der Ladung handelte es sich um Erde, welche bereits vor Eintreffen der Feuerwehr von einem anwesenden Landwirt, mit Hilfe seines Traktors, beiseite geschoben wurde.<\/p>\n<p>Der Fahrer des LKWs wurde durch Rettungskr\u00e4fte eines RTW versorgt und im Anschluss dem Krankenhaus zugef\u00fchrt. Nach derzeitigem Stand wurde der Fahrer nur leicht verletzt.<\/p>\n<p>Durch die Einsatzkr\u00e4fte mussten auslaufende Betriebsmittel gebunden werden. Durch schnelles Eingreifen konnte verhindert werden, dass diese Betriebsmittel in ein nahe gelegenes Siel laufen.<\/p>\n<p>Der LKW wurde mit Hilfe eines Baggers wieder aufgerichtet und dann abgeschleppt. F\u00fcr diese Bergungsarbeiten wurde die B 432 zeitweise voll gesperrt.<\/p>\n<p>Durch die verst\u00e4ndigte Stra\u00dfenmeisterei und Kr\u00e4fte der Feuerwehr wurde die Stra\u00dfe gereinigt und konnte dann durch die Polizei wieder f\u00fcr den Verkehr freigegeben werden.<\/p>\n<p>Bei den Rettungs- und Bergungsarbeiten kam es in der Ortsdurchfahrt Nahe zu starken Verkehrsbehinderungen.<\/p>\n<div id='gallery-1' class='gallery galleryid-1852 gallery-columns-4 gallery-size-thumbnail'><figure class='gallery-item'>\n\t\t\t<div class='gallery-icon landscape'>\n\t\t\t\t<a href='https:\/\/feuerwehr-nahe.de\/ffnahe\/einsatz-nr-2618-08-2016-verkehrsunfalllkw-umgekippt\/img_3479\/'><img loading=\"lazy\" decoding=\"async\" width=\"150\" height=\"150\" src=\"https:\/\/feuerwehr-nahe.de\/ffnahe\/wp-content\/uploads\/2016\/08\/IMG_3479-150x150.jpg\" class=\"attachment-thumbnail size-thumbnail\" alt=\"\" \/><\/a>\n\t\t\t<\/div><\/figure><figure class='gallery-item'>\n\t\t\t<div class='gallery-icon landscape'>\n\t\t\t\t<a href='https:\/\/feuerwehr-nahe.de\/ffnahe\/einsatz-nr-2618-08-2016-verkehrsunfalllkw-umgekippt\/img_20160818_153503_burst010\/'><img loading=\"lazy\" decoding=\"async\" width=\"150\" height=\"150\" src=\"https:\/\/feuerwehr-nahe.de\/ffnahe\/wp-content\/uploads\/2016\/08\/IMG_20160818_153503_BURST010-150x150.jpg\" class=\"attachment-thumbnail size-thumbnail\" alt=\"\" \/><\/a>\n\t\t\t<\/div><\/figure><figure class='gallery-item'>\n\t\t\t<div class='gallery-icon landscape'>\n\t\t\t\t<a href='https:\/\/feuerwehr-nahe.de\/ffnahe\/einsatz-nr-2618-08-2016-verkehrsunfalllkw-umgekippt\/img_20160818_160708\/'><img loading=\"lazy\" decoding=\"async\" width=\"150\" height=\"150\" src=\"https:\/\/feuerwehr-nahe.de\/ffnahe\/wp-content\/uploads\/2016\/08\/IMG_20160818_160708-150x150.jpg\" class=\"attachment-thumbnail size-thumbnail\" alt=\"\" \/><\/a>\n\t\t\t<\/div><\/figure><figure class='gallery-item'>\n\t\t\t<div class='gallery-icon portrait'>\n\t\t\t\t<a href='https:\/\/feuerwehr-nahe.de\/ffnahe\/einsatz-nr-2618-08-2016-verkehrsunfalllkw-umgekippt\/img_3477\/'><img loading=\"lazy\" decoding=\"async\" width=\"150\" height=\"150\" src=\"https:\/\/feuerwehr-nahe.de\/ffnahe\/wp-content\/uploads\/2016\/08\/IMG_3477-150x150.jpg\" class=\"attachment-thumbnail size-thumbnail\" alt=\"\" \/><\/a>\n\t\t\t<\/div><\/figure>\n\t\t<\/div>\n\n<p>&nbsp;<\/p>\n<p>&nbsp;<\/p>\n","protected":false},"excerpt":{"rendered":"<p>Einsatzzeit von 13:53\u00a0bis 17:40 Uhr\u00a0Uhr Einsatzkr\u00e4fte: FF Nahe Einsatzort: Nahe,\u00a0B 432, Segeberger Stra\u00dfe\/L\u00fcttmoor Lage: Aus zurzeit unbekannter Ursache geriet der LKW nach rechts auf den Gehweg, fuhr dann auf den Wall und streifte schlie\u00dflich einen Baum, der auf dem Wall stand. Durch die Wucht des Aufpralls und der Schr\u00e4glage kippte der LKW auf die linke [&hellip;]<\/p>\n","protected":false},"author":6,"featured_media":1858,"comment_status":"closed","ping_status":"closed","sticky":false,"template":"","format":"image","meta":{"footnotes":""},"categories":[16],"tags":[],"class_list":["post-1852","post","type-post","status-publish","format-image","has-post-thumbnail","hentry","category-16","post_format-post-format-image"],"_links":{"self":[{"href":"https:\/\/feuerwehr-nahe.de\/ffnahe\/wp-json\/wp\/v2\/posts\/1852","targetHints":{"allow":["GET"]}}],"collection":[{"href":"https:\/\/feuerwehr-nahe.de\/ffnahe\/wp-json\/wp\/v2\/posts"}],"about":[{"href":"https:\/\/feuerwehr-nahe.de\/ffnahe\/wp-json\/wp\/v2\/types\/post"}],"author":[{"embeddable":true,"href":"https:\/\/feuerwehr-nahe.de\/ffnahe\/wp-json\/wp\/v2\/users\/6"}],"replies":[{"embeddable":true,"href":"https:\/\/feuerwehr-nahe.de\/ffnahe\/wp-json\/wp\/v2\/comments?post=1852"}],"version-history":[{"count":9,"href":"https:\/\/feuerwehr-nahe.de\/ffnahe\/wp-json\/wp\/v2\/posts\/1852\/revisions"}],"predecessor-version":[{"id":1874,"href":"https:\/\/feuerwehr-nahe.de\/ffnahe\/wp-json\/wp\/v2\/posts\/1852\/revisions\/1874"}],"wp:featuredmedia":[{"embeddable":true,"href":"https:\/\/feuerwehr-nahe.de\/ffnahe\/wp-json\/wp\/v2\/media\/1858"}],"wp:attachment":[{"href":"https:\/\/feuerwehr-nahe.de\/ffnahe\/wp-json\/wp\/v2\/media?parent=1852"}],"wp:term":[{"taxonomy":"category","embeddable":true,"href":"https:\/\/feuerwehr-nahe.de\/ffnahe\/wp-json\/wp\/v2\/categories?post=1852"},{"taxonomy":"post_tag","embeddable":true,"href":"https:\/\/feuerwehr-nahe.de\/ffnahe\/wp-json\/wp\/v2\/tags?post=1852"}],"curies":[{"name":"wp","href":"https:\/\/api.w.org\/{rel}","templated":true}]}}