{"id":1770,"date":"2016-04-28T17:36:55","date_gmt":"2016-04-28T17:36:55","guid":{"rendered":"http:\/\/feuerwehr-nahe.de\/ffnahe\/?p=1770"},"modified":"2016-04-29T14:42:53","modified_gmt":"2016-04-29T14:42:53","slug":"einsatz-nr-1226-04-2016-notfall-tuer-verschlossen-rtw-wartet","status":"publish","type":"post","link":"https:\/\/feuerwehr-nahe.de\/ffnahe\/einsatz-nr-1226-04-2016-notfall-tuer-verschlossen-rtw-wartet\/","title":{"rendered":"Einsatz-Nr: 12<br\/>26.04.2016 Notfall T\u00fcr verschlossen, RTW wartet"},"content":{"rendered":"<p>Einsatzzeit von 21:19 bis 22:07 Uhr<br \/>\nEinsatzkr\u00e4fte: FF Nahe<br \/>\nEinsatzort: Nahe, Plaggen<\/p>\n<p>Lage: Person lag hilflos in der Wohnung. T\u00fcr war verschlossen.<br \/>\nEine RTW-Besatzung befand sich bereits vor Ort, konnte aber nicht an den Patienten gelangen, da die T\u00fcr verschlossen war und von der Person nicht ge\u00f6ffnet werden konnte. \u00a0Durch die Einsatzkr\u00e4fte wurde die T\u00fcr ge\u00f6ffnet und die Person konnte versorgt werden.<\/p>\n","protected":false},"excerpt":{"rendered":"<p>Einsatzzeit von 21:19 bis 22:07 Uhr Einsatzkr\u00e4fte: FF Nahe Einsatzort: Nahe, Plaggen Lage: Person lag hilflos in der Wohnung. T\u00fcr war verschlossen. Eine RTW-Besatzung befand sich bereits vor Ort, konnte aber nicht an den Patienten gelangen, da die T\u00fcr verschlossen war und von der Person nicht ge\u00f6ffnet werden konnte. \u00a0Durch die Einsatzkr\u00e4fte wurde die T\u00fcr [&hellip;]<\/p>\n","protected":false},"author":6,"featured_media":0,"comment_status":"closed","ping_status":"closed","sticky":false,"template":"","format":"standard","meta":{"footnotes":""},"categories":[16],"tags":[],"class_list":["post-1770","post","type-post","status-publish","format-standard","hentry","category-16"],"_links":{"self":[{"href":"https:\/\/feuerwehr-nahe.de\/ffnahe\/wp-json\/wp\/v2\/posts\/1770","targetHints":{"allow":["GET"]}}],"collection":[{"href":"https:\/\/feuerwehr-nahe.de\/ffnahe\/wp-json\/wp\/v2\/posts"}],"about":[{"href":"https:\/\/feuerwehr-nahe.de\/ffnahe\/wp-json\/wp\/v2\/types\/post"}],"author":[{"embeddable":true,"href":"https:\/\/feuerwehr-nahe.de\/ffnahe\/wp-json\/wp\/v2\/users\/6"}],"replies":[{"embeddable":true,"href":"https:\/\/feuerwehr-nahe.de\/ffnahe\/wp-json\/wp\/v2\/comments?post=1770"}],"version-history":[{"count":4,"href":"https:\/\/feuerwehr-nahe.de\/ffnahe\/wp-json\/wp\/v2\/posts\/1770\/revisions"}],"predecessor-version":[{"id":1780,"href":"https:\/\/feuerwehr-nahe.de\/ffnahe\/wp-json\/wp\/v2\/posts\/1770\/revisions\/1780"}],"wp:attachment":[{"href":"https:\/\/feuerwehr-nahe.de\/ffnahe\/wp-json\/wp\/v2\/media?parent=1770"}],"wp:term":[{"taxonomy":"category","embeddable":true,"href":"https:\/\/feuerwehr-nahe.de\/ffnahe\/wp-json\/wp\/v2\/categories?post=1770"},{"taxonomy":"post_tag","embeddable":true,"href":"https:\/\/feuerwehr-nahe.de\/ffnahe\/wp-json\/wp\/v2\/tags?post=1770"}],"curies":[{"name":"wp","href":"https:\/\/api.w.org\/{rel}","templated":true}]}}